{"id":47954,"date":"2022-11-20T11:00:00","date_gmt":"2022-11-20T14:00:00","guid":{"rendered":"https:\/\/tvc16.com\/portal\/?p=47954"},"modified":"2022-11-19T09:14:00","modified_gmt":"2022-11-19T12:14:00","slug":"cadastramento-para-creches-de-tres-rios-comeca-nesta-segunda-feira-na-casa-de-pedra","status":"publish","type":"post","link":"https:\/\/tvc16.com\/portal\/2022\/11\/20\/cadastramento-para-creches-de-tres-rios-comeca-nesta-segunda-feira-na-casa-de-pedra\/","title":{"rendered":"Cadastramento para Creches de Tr\u00eas Rios come\u00e7a nesta segunda-feira na Casa de Pedra"},"content":{"rendered":"\n<p>A Prefeitura de Tr\u00eas Rios est\u00e1 com cadastramento para as creches aberto a partir desta segunda-feira, 21 de novembro at\u00e9 9 de dezembro, do ber\u00e7\u00e1rio ao maternal 3, para crian\u00e7as dos seis meses aos 3 anos de idade e poder\u00e1 ser feito na Casa de Pedra, na Rua Bar\u00e3o de Entre Rios, 466, das 8h30 \u00e0s 13h.<\/p>\n\n\n\n<p>S\u00e3o necess\u00e1rias c\u00f3pias dos seguintes documentos: certid\u00e3o de nascimento da crian\u00e7a, RG do respons\u00e1vel e comprovante de resid\u00eancia.<\/p>\n\n\n\n<p>A adequa\u00e7\u00e3o aos crit\u00e9rios de prioridade pode ser comprovada com c\u00f3pia dos seguintes documentos:<\/p>\n\n\n\n<p>Vulnerabilidade social: documento que comprove que a fam\u00edlia \u00e9 acompanhada por<\/p>\n\n\n\n<p>\u00f3rg\u00e3os competentes como Minist\u00e9rio P\u00fablico, CRAS, CREAS ou Conselho Tutelar.<\/p>\n\n\n\n<p>Trabalho: pais ou respons\u00e1veis legais que possuam jornada de trabalho podem<\/p>\n\n\n\n<p>apresentar Carteira de Trabalho assinada (preferencialmente), holerites, contrato de<\/p>\n\n\n\n<p>trabalho ou declara\u00e7\u00e3o do empregador ou contratante.<\/p>\n\n\n\n<p>Aux\u00edlio Brasil: documento atualizado que comprove o recebimento do benef\u00edcio<\/p>\n\n\n\n<p>Cadastro ativo no CEAM: declara\u00e7\u00e3o do \u00f3rg\u00e3o \u00e0 mulher v\u00edtima de viol\u00eancia dom\u00e9stica<\/p>\n\n\n\n<p>Doen\u00e7a cr\u00f4nica: laudo m\u00e9dico que especifique a doen\u00e7a cr\u00f4nica do respons\u00e1vel e\/ou<\/p>\n\n\n\n<p>da crian\u00e7a.<\/p>\n","protected":false},"excerpt":{"rendered":"<p>A Prefeitura de Tr\u00eas Rios est\u00e1 com cadastramento para as creches aberto a partir desta<\/p>\n","protected":false},"author":2,"featured_media":47955,"comment_status":"open","ping_status":"open","sticky":false,"template":"","format":"standard","meta":{"footnotes":""},"categories":[19,17],"tags":[],"class_list":["post-47954","post","type-post","status-publish","format-standard","has-post-thumbnail","hentry","category-educacao","category-outras-noticias"],"_links":{"self":[{"href":"https:\/\/tvc16.com\/portal\/wp-json\/wp\/v2\/posts\/47954","targetHints":{"allow":["GET"]}}],"collection":[{"href":"https:\/\/tvc16.com\/portal\/wp-json\/wp\/v2\/posts"}],"about":[{"href":"https:\/\/tvc16.com\/portal\/wp-json\/wp\/v2\/types\/post"}],"author":[{"embeddable":true,"href":"https:\/\/tvc16.com\/portal\/wp-json\/wp\/v2\/users\/2"}],"replies":[{"embeddable":true,"href":"https:\/\/tvc16.com\/portal\/wp-json\/wp\/v2\/comments?post=47954"}],"version-history":[{"count":1,"href":"https:\/\/tvc16.com\/portal\/wp-json\/wp\/v2\/posts\/47954\/revisions"}],"predecessor-version":[{"id":47956,"href":"https:\/\/tvc16.com\/portal\/wp-json\/wp\/v2\/posts\/47954\/revisions\/47956"}],"wp:featuredmedia":[{"embeddable":true,"href":"https:\/\/tvc16.com\/portal\/wp-json\/wp\/v2\/media\/47955"}],"wp:attachment":[{"href":"https:\/\/tvc16.com\/portal\/wp-json\/wp\/v2\/media?parent=47954"}],"wp:term":[{"taxonomy":"category","embeddable":true,"href":"https:\/\/tvc16.com\/portal\/wp-json\/wp\/v2\/categories?post=47954"},{"taxonomy":"post_tag","embeddable":true,"href":"https:\/\/tvc16.com\/portal\/wp-json\/wp\/v2\/tags?post=47954"}],"curies":[{"name":"wp","href":"https:\/\/api.w.org\/{rel}","templated":true}]}}