{"id":47957,"date":"2022-11-19T15:40:00","date_gmt":"2022-11-19T18:40:00","guid":{"rendered":"https:\/\/tvc16.com\/portal\/?p=47957"},"modified":"2022-11-19T09:21:37","modified_gmt":"2022-11-19T12:21:37","slug":"prefeitura-de-volta-redonda-reforma-deck-e-ponte-do-zoologico-municipal","status":"publish","type":"post","link":"https:\/\/tvc16.com\/portal\/2022\/11\/19\/prefeitura-de-volta-redonda-reforma-deck-e-ponte-do-zoologico-municipal\/","title":{"rendered":"Prefeitura de Volta Redonda reforma deck e ponte do Zool\u00f3gico Municipal"},"content":{"rendered":"\n<p>A Prefeitura de Volta Redonda concluiu nesta semana a obra de reforma e revitaliza\u00e7\u00e3o do deck e da ponte sobre o lago do Zool\u00f3gico Municipal (Zoo-VR), no bairro Vila Santa Cec\u00edlia.<\/p>\n\n\n\n<p>Os trabalhos duraram 30 dias e v\u00e3o permitir o retorno da opera\u00e7\u00e3o dos pedalinhos, que estavam desativados por conta da necessidade de melhoria na estrutura do deck.<\/p>\n\n\n\n<figure class=\"wp-block-image size-large\"><img loading=\"lazy\" decoding=\"async\" width=\"819\" height=\"1024\" src=\"https:\/\/tvc16.com\/portal\/wp-content\/uploads\/2022\/11\/315971007_501105025387375_2343593197588583992_n-819x1024.jpg\" alt=\"\" class=\"wp-image-47959\" srcset=\"https:\/\/tvc16.com\/portal\/wp-content\/uploads\/2022\/11\/315971007_501105025387375_2343593197588583992_n-819x1024.jpg 819w, https:\/\/tvc16.com\/portal\/wp-content\/uploads\/2022\/11\/315971007_501105025387375_2343593197588583992_n-240x300.jpg 240w, https:\/\/tvc16.com\/portal\/wp-content\/uploads\/2022\/11\/315971007_501105025387375_2343593197588583992_n-768x960.jpg 768w, https:\/\/tvc16.com\/portal\/wp-content\/uploads\/2022\/11\/315971007_501105025387375_2343593197588583992_n.jpg 960w\" sizes=\"auto, (max-width: 819px) 100vw, 819px\" \/><\/figure>\n\n\n\n<p>\u201cFoi feita troca das madeiras danificadas, em praticamente toda a estrutura do deck, envernizamento, e a restaura\u00e7\u00e3o da ponte sobre o lago, com pintura da passarela e da estrutura met\u00e1lica, al\u00e9m da troca das telhas da cobertura\u201d, explicou Cristiano Oliveira, que \u00e9 diretor-t\u00e9cnico do Furban-VR (Fundo Comunit\u00e1rio de Volta Redonda), autarquia respons\u00e1vel pela obra.<\/p>\n\n\n\n<p>O coordenador do Zoo-VR, Jadiel Teixeira, afirmou que essa melhoria era necess\u00e1ria e \u00e9 apenas uma das interven\u00e7\u00f5es que o zool\u00f3gico vem recebendo.<\/p>\n\n\n\n<figure class=\"wp-block-image size-large\"><img loading=\"lazy\" decoding=\"async\" width=\"819\" height=\"1024\" src=\"https:\/\/tvc16.com\/portal\/wp-content\/uploads\/2022\/11\/316203990_501104405387437_2927113660552527328_n-819x1024.jpg\" alt=\"\" class=\"wp-image-47960\" srcset=\"https:\/\/tvc16.com\/portal\/wp-content\/uploads\/2022\/11\/316203990_501104405387437_2927113660552527328_n-819x1024.jpg 819w, https:\/\/tvc16.com\/portal\/wp-content\/uploads\/2022\/11\/316203990_501104405387437_2927113660552527328_n-240x300.jpg 240w, https:\/\/tvc16.com\/portal\/wp-content\/uploads\/2022\/11\/316203990_501104405387437_2927113660552527328_n-768x960.jpg 768w, https:\/\/tvc16.com\/portal\/wp-content\/uploads\/2022\/11\/316203990_501104405387437_2927113660552527328_n.jpg 1200w\" sizes=\"auto, (max-width: 819px) 100vw, 819px\" \/><\/figure>\n\n\n\n<p>\u201cEstava precisando, pois o deck n\u00e3o tinha mais condi\u00e7\u00f5es de uso. Essa \u00e9 s\u00f3 uma das reformas pelas quais o zoo programou. Estamos construindo um serpent\u00e1rio e, entre dezembro deste ano e janeiro de 2023, estamos programando uma reforma geral no zool\u00f3gico, com pintura dos espa\u00e7os, de grades, reforma dos espa\u00e7os e dos recintos dos animais\u201d, contou Jadiel.<\/p>\n\n\n\n<p>No total, o Zool\u00f3gico Municipal conta com 15 pedalinhos que voltam a operar na pr\u00f3xima semana, no dia 26 (s\u00e1bado), e funcionar\u00e3o aos fins de semana e feriados. Com a conclus\u00e3o da obra, as equipes est\u00e3o preparando o material informativo e de sinaliza\u00e7\u00e3o para retomar a opera\u00e7\u00e3o.<\/p>\n","protected":false},"excerpt":{"rendered":"<p>A Prefeitura de Volta Redonda concluiu nesta semana a obra de reforma e revitaliza\u00e7\u00e3o do<\/p>\n","protected":false},"author":2,"featured_media":47958,"comment_status":"open","ping_status":"open","sticky":false,"template":"","format":"standard","meta":{"footnotes":""},"categories":[21,18,19,17],"tags":[],"class_list":["post-47957","post","type-post","status-publish","format-standard","has-post-thumbnail","hentry","category-cultura","category-economia","category-educacao","category-outras-noticias"],"_links":{"self":[{"href":"https:\/\/tvc16.com\/portal\/wp-json\/wp\/v2\/posts\/47957","targetHints":{"allow":["GET"]}}],"collection":[{"href":"https:\/\/tvc16.com\/portal\/wp-json\/wp\/v2\/posts"}],"about":[{"href":"https:\/\/tvc16.com\/portal\/wp-json\/wp\/v2\/types\/post"}],"author":[{"embeddable":true,"href":"https:\/\/tvc16.com\/portal\/wp-json\/wp\/v2\/users\/2"}],"replies":[{"embeddable":true,"href":"https:\/\/tvc16.com\/portal\/wp-json\/wp\/v2\/comments?post=47957"}],"version-history":[{"count":1,"href":"https:\/\/tvc16.com\/portal\/wp-json\/wp\/v2\/posts\/47957\/revisions"}],"predecessor-version":[{"id":47961,"href":"https:\/\/tvc16.com\/portal\/wp-json\/wp\/v2\/posts\/47957\/revisions\/47961"}],"wp:featuredmedia":[{"embeddable":true,"href":"https:\/\/tvc16.com\/portal\/wp-json\/wp\/v2\/media\/47958"}],"wp:attachment":[{"href":"https:\/\/tvc16.com\/portal\/wp-json\/wp\/v2\/media?parent=47957"}],"wp:term":[{"taxonomy":"category","embeddable":true,"href":"https:\/\/tvc16.com\/portal\/wp-json\/wp\/v2\/categories?post=47957"},{"taxonomy":"post_tag","embeddable":true,"href":"https:\/\/tvc16.com\/portal\/wp-json\/wp\/v2\/tags?post=47957"}],"curies":[{"name":"wp","href":"https:\/\/api.w.org\/{rel}","templated":true}]}}