{"id":47962,"date":"2022-11-19T11:30:00","date_gmt":"2022-11-19T14:30:00","guid":{"rendered":"https:\/\/tvc16.com\/portal\/?p=47962"},"modified":"2022-11-19T09:47:29","modified_gmt":"2022-11-19T12:47:29","slug":"komboio-cultural-passa-por-areal-neste-fim-de-semana","status":"publish","type":"post","link":"https:\/\/tvc16.com\/portal\/2022\/11\/19\/komboio-cultural-passa-por-areal-neste-fim-de-semana\/","title":{"rendered":"Komboio Cultural passa por Areal neste fim de semana"},"content":{"rendered":"\n<p>O projeto Komboio Cultural, integrado pelos Grupos Teatro Circense Andan\u00e7a e os Palhast\u00f4nicos, realizam circula\u00e7\u00e3o dos espet\u00e1culos &#8220;Um R\u00e9quiem Para Esmeralda&#8221; e \u201c Fanfarra Clownesca&#8221; por Areal nestes dias 19, \u00e0s 16h e 20 de novembro, \u00e0s 11h.<\/p>\n\n\n\n<p>&#8220;Um R\u00e9quiem Para Esmeralda \u00e9 uma livre adapta\u00e7\u00e3o do cl\u00e1ssico O Corcunda de Notre Dame&#8221;, traz como tema central a tr\u00e1gica hist\u00f3ria do corcunda Quas\u00edmodo e da cigana Esmeralda e ser\u00e1 apresentado neste s\u00e1bado, \u00e0s 16h, no Barateza.<\/p>\n\n\n\n<p>A Fanfarra Clownesca re\u00fane palha\u00e7aria, m\u00fasica, dan\u00e7a, circo, poesia e cultura popular brasileira, ser\u00e1 apresentada neste Domingo, dia 20, \u00e0s 11h, no Quilombo Boa Esperan\u00e7a.<\/p>\n\n\n\n<figure class=\"wp-block-image size-large\"><img loading=\"lazy\" decoding=\"async\" width=\"819\" height=\"1024\" src=\"https:\/\/tvc16.com\/portal\/wp-content\/uploads\/2022\/11\/315541084_498627148965974_5487586837257004963_n-1-819x1024.jpg\" alt=\"\" class=\"wp-image-47964\" srcset=\"https:\/\/tvc16.com\/portal\/wp-content\/uploads\/2022\/11\/315541084_498627148965974_5487586837257004963_n-1-819x1024.jpg 819w, https:\/\/tvc16.com\/portal\/wp-content\/uploads\/2022\/11\/315541084_498627148965974_5487586837257004963_n-1-240x300.jpg 240w, https:\/\/tvc16.com\/portal\/wp-content\/uploads\/2022\/11\/315541084_498627148965974_5487586837257004963_n-1-768x960.jpg 768w, https:\/\/tvc16.com\/portal\/wp-content\/uploads\/2022\/11\/315541084_498627148965974_5487586837257004963_n-1-1229x1536.jpg 1229w, https:\/\/tvc16.com\/portal\/wp-content\/uploads\/2022\/11\/315541084_498627148965974_5487586837257004963_n-1.jpg 1440w\" sizes=\"auto, (max-width: 819px) 100vw, 819px\" \/><\/figure>\n\n\n\n<p>O evento \u00e9 uma realiza\u00e7\u00e3o do Governo do Estado do Rio de Janeiro, atrav\u00e9s da Secretaria de Cultura e Economia Criativa em parceria com a Prefeitura Municipal de Areal.<\/p>\n\n\n\n<p>Todas as apresenta\u00e7\u00f5es tem entrada gratuita e classifica\u00e7\u00e3o et\u00e1ria livre.<\/p>\n","protected":false},"excerpt":{"rendered":"<p>O projeto Komboio Cultural, integrado pelos Grupos Teatro Circense Andan\u00e7a e os Palhast\u00f4nicos, realizam circula\u00e7\u00e3o<\/p>\n","protected":false},"author":2,"featured_media":47963,"comment_status":"open","ping_status":"open","sticky":false,"template":"","format":"standard","meta":{"footnotes":""},"categories":[21,264,17],"tags":[],"class_list":["post-47962","post","type-post","status-publish","format-standard","has-post-thumbnail","hentry","category-cultura","category-destaque","category-outras-noticias"],"_links":{"self":[{"href":"https:\/\/tvc16.com\/portal\/wp-json\/wp\/v2\/posts\/47962","targetHints":{"allow":["GET"]}}],"collection":[{"href":"https:\/\/tvc16.com\/portal\/wp-json\/wp\/v2\/posts"}],"about":[{"href":"https:\/\/tvc16.com\/portal\/wp-json\/wp\/v2\/types\/post"}],"author":[{"embeddable":true,"href":"https:\/\/tvc16.com\/portal\/wp-json\/wp\/v2\/users\/2"}],"replies":[{"embeddable":true,"href":"https:\/\/tvc16.com\/portal\/wp-json\/wp\/v2\/comments?post=47962"}],"version-history":[{"count":2,"href":"https:\/\/tvc16.com\/portal\/wp-json\/wp\/v2\/posts\/47962\/revisions"}],"predecessor-version":[{"id":47967,"href":"https:\/\/tvc16.com\/portal\/wp-json\/wp\/v2\/posts\/47962\/revisions\/47967"}],"wp:featuredmedia":[{"embeddable":true,"href":"https:\/\/tvc16.com\/portal\/wp-json\/wp\/v2\/media\/47963"}],"wp:attachment":[{"href":"https:\/\/tvc16.com\/portal\/wp-json\/wp\/v2\/media?parent=47962"}],"wp:term":[{"taxonomy":"category","embeddable":true,"href":"https:\/\/tvc16.com\/portal\/wp-json\/wp\/v2\/categories?post=47962"},{"taxonomy":"post_tag","embeddable":true,"href":"https:\/\/tvc16.com\/portal\/wp-json\/wp\/v2\/tags?post=47962"}],"curies":[{"name":"wp","href":"https:\/\/api.w.org\/{rel}","templated":true}]}}