{"id":47968,"date":"2022-11-20T15:07:00","date_gmt":"2022-11-20T18:07:00","guid":{"rendered":"https:\/\/tvc16.com\/portal\/?p=47968"},"modified":"2022-11-19T09:52:31","modified_gmt":"2022-11-19T12:52:31","slug":"areal-promove-homenagem-ao-dia-da-consciencia-negra-nesta-segunda-feira","status":"publish","type":"post","link":"https:\/\/tvc16.com\/portal\/2022\/11\/20\/areal-promove-homenagem-ao-dia-da-consciencia-negra-nesta-segunda-feira\/","title":{"rendered":"Areal promove homenagem ao dia da Consci\u00eancia Negra nesta segunda-feira"},"content":{"rendered":"\n<p>A Prefeitura Municipal de Areal, atrav\u00e9s da Secretaria de Desenvolvimento Social, Cidadania e Habita\u00e7\u00e3o, realizar\u00e1 nesta segunda-feira (21\/11), \u00e0s 16h, o evento &#8220;Consci\u00eancia Negra, Porque Falar Sobre Isso?&#8221;, no Esporte Clube Gaby<\/p>\n\n\n\n<p>Trata-se de uma homenagem ao dia da Consci\u00eancia Negra comemorado no m\u00eas de novembro, o evento abordar\u00e1 a import\u00e2ncia do tema com as atividades de capoeira, roda de conversa, oficinas de maquiagem, oficina de turbantes, desfile beleza do quilombo e dan\u00e7as t\u00edpicas.<\/p>\n\n\n\n<figure class=\"wp-block-image size-large\"><img loading=\"lazy\" decoding=\"async\" width=\"819\" height=\"1024\" src=\"https:\/\/tvc16.com\/portal\/wp-content\/uploads\/2022\/11\/316090064_499291295566226_8966767530264984259_n-819x1024.jpg\" alt=\"\" class=\"wp-image-47970\" srcset=\"https:\/\/tvc16.com\/portal\/wp-content\/uploads\/2022\/11\/316090064_499291295566226_8966767530264984259_n-819x1024.jpg 819w, https:\/\/tvc16.com\/portal\/wp-content\/uploads\/2022\/11\/316090064_499291295566226_8966767530264984259_n-240x300.jpg 240w, https:\/\/tvc16.com\/portal\/wp-content\/uploads\/2022\/11\/316090064_499291295566226_8966767530264984259_n-768x960.jpg 768w, https:\/\/tvc16.com\/portal\/wp-content\/uploads\/2022\/11\/316090064_499291295566226_8966767530264984259_n-1229x1536.jpg 1229w, https:\/\/tvc16.com\/portal\/wp-content\/uploads\/2022\/11\/316090064_499291295566226_8966767530264984259_n.jpg 1440w\" sizes=\"auto, (max-width: 819px) 100vw, 819px\" \/><\/figure>\n","protected":false},"excerpt":{"rendered":"<p>A Prefeitura Municipal de Areal, atrav\u00e9s da Secretaria de Desenvolvimento Social, Cidadania e Habita\u00e7\u00e3o, realizar\u00e1<\/p>\n","protected":false},"author":2,"featured_media":47969,"comment_status":"open","ping_status":"open","sticky":false,"template":"","format":"standard","meta":{"footnotes":""},"categories":[21,18,19,20,17],"tags":[],"class_list":["post-47968","post","type-post","status-publish","format-standard","has-post-thumbnail","hentry","category-cultura","category-economia","category-educacao","category-esporte","category-outras-noticias"],"_links":{"self":[{"href":"https:\/\/tvc16.com\/portal\/wp-json\/wp\/v2\/posts\/47968","targetHints":{"allow":["GET"]}}],"collection":[{"href":"https:\/\/tvc16.com\/portal\/wp-json\/wp\/v2\/posts"}],"about":[{"href":"https:\/\/tvc16.com\/portal\/wp-json\/wp\/v2\/types\/post"}],"author":[{"embeddable":true,"href":"https:\/\/tvc16.com\/portal\/wp-json\/wp\/v2\/users\/2"}],"replies":[{"embeddable":true,"href":"https:\/\/tvc16.com\/portal\/wp-json\/wp\/v2\/comments?post=47968"}],"version-history":[{"count":1,"href":"https:\/\/tvc16.com\/portal\/wp-json\/wp\/v2\/posts\/47968\/revisions"}],"predecessor-version":[{"id":47971,"href":"https:\/\/tvc16.com\/portal\/wp-json\/wp\/v2\/posts\/47968\/revisions\/47971"}],"wp:featuredmedia":[{"embeddable":true,"href":"https:\/\/tvc16.com\/portal\/wp-json\/wp\/v2\/media\/47969"}],"wp:attachment":[{"href":"https:\/\/tvc16.com\/portal\/wp-json\/wp\/v2\/media?parent=47968"}],"wp:term":[{"taxonomy":"category","embeddable":true,"href":"https:\/\/tvc16.com\/portal\/wp-json\/wp\/v2\/categories?post=47968"},{"taxonomy":"post_tag","embeddable":true,"href":"https:\/\/tvc16.com\/portal\/wp-json\/wp\/v2\/tags?post=47968"}],"curies":[{"name":"wp","href":"https:\/\/api.w.org\/{rel}","templated":true}]}}