{"id":47972,"date":"2022-11-19T16:00:00","date_gmt":"2022-11-19T19:00:00","guid":{"rendered":"https:\/\/tvc16.com\/portal\/?p=47972"},"modified":"2022-11-19T10:04:02","modified_gmt":"2022-11-19T13:04:02","slug":"formacao-com-professores-de-lingua-portuguesa-aborda-pratica-em-avaliacoes","status":"publish","type":"post","link":"https:\/\/tvc16.com\/portal\/2022\/11\/19\/formacao-com-professores-de-lingua-portuguesa-aborda-pratica-em-avaliacoes\/","title":{"rendered":"Forma\u00e7\u00e3o com Professores de L\u00edngua Portuguesa aborda pr\u00e1tica em Avalia\u00e7\u00f5es"},"content":{"rendered":"\n<p>A Prefeitura de Nova Friburgo, por meio da Secretaria Municipal de Educa\u00e7\u00e3o realizou na \u00faltima quinta feira, 17, no audit\u00f3rio do Pr\u00e9dio da Oi, o segundo encontro de Coordena\u00e7\u00e3o dos Anos Finais e Forma\u00e7\u00e3o de L\u00edngua Portuguesa, com o tema: &#8220;Avalia\u00e7\u00e3o por Compet\u00eancias e Habilidades&#8221;. Estiveram presentes coordenadoras, representantes, membros do n\u00facleo educacional e professores de L\u00edngua Portuguesa do 6\u00b0 ao <a><\/a>9\u00b0 ano da Rede Municipal de Ensino.<\/p>\n\n\n\n<p>A Coordena\u00e7\u00e3o do Segundo Segmento \u00e9 organizada por \u00e1reas, com suas respectivas coordena\u00e7\u00f5es nas disciplinas de L\u00edngua Portuguesa, Matem\u00e1tica, Hist\u00f3ria, Geografia, Ci\u00eancias, Ingl\u00eas, Arte e Educa\u00e7\u00e3o F\u00edsica, que realizam seus encontros de coordena\u00e7\u00e3o e forma\u00e7\u00e3o duas vezes por ano.<\/p>\n\n\n\n<p>Desta vez, a capacita\u00e7\u00e3o do segmento de Anos Finais de L\u00edngua Portuguesa abordou conceitos e pr\u00e1ticas de instrumentos, reflex\u00f5es, rubricas, avalia\u00e7\u00f5es de compet\u00eancias e habilidades presentes na Base Nacional Comum Curricular (BNCC) para serem desenvolvidas com os estudantes.<\/p>\n\n\n\n<p>Na ocasi\u00e3o, a coordenadora de Lingua Portuguesa, Jorgeane Abreu, falou sobre a import\u00e2ncia da avalia\u00e7\u00e3o diagn\u00f3stica e final de rede:<\/p>\n\n\n\n<p>&#8220;Essas avalia\u00e7\u00f5es s\u00e3o imprescind\u00edveis para que o professor tome conhecimento de qual etapa da aprendizagem os alunos se encontram. Assim como desvelar as habilidades e compet\u00eancias que foram consolidadas nesse per\u00edodo ou n\u00e3o, principalmente aquelas que n\u00e3o foram consolidadas, pois elas precisam ser revistas no pr\u00f3ximo ano de escolaridade ou no bimestre seguinte, norteando os professores, atrav\u00e9s das avalia\u00e7\u00f5es, para que eles consigam preparar os planejamentos futuros\u201d destacou.<\/p>\n\n\n\n<p>Houve ainda a distribui\u00e7\u00e3o de livros da disciplina e foram realizados sorteios de cursos gratuitos para os professores presentes no curso.<\/p>\n\n\n\n<p>\u201cAtrav\u00e9s desses resultados a gente consegue perceber &#8216;onde estou, para onde vou&#8217;, fazendo o planejamento ou o replanejamento quanto \u00e0 retomada das a\u00e7\u00f5es\u201d ressaltou a coordenadora dos Anos Finais, Cristina Moraes.<\/p>\n","protected":false},"excerpt":{"rendered":"<p>A Prefeitura de Nova Friburgo, por meio da Secretaria Municipal de Educa\u00e7\u00e3o realizou na \u00faltima<\/p>\n","protected":false},"author":2,"featured_media":47973,"comment_status":"open","ping_status":"open","sticky":false,"template":"","format":"standard","meta":{"footnotes":""},"categories":[21,18,19,17],"tags":[],"class_list":["post-47972","post","type-post","status-publish","format-standard","has-post-thumbnail","hentry","category-cultura","category-economia","category-educacao","category-outras-noticias"],"_links":{"self":[{"href":"https:\/\/tvc16.com\/portal\/wp-json\/wp\/v2\/posts\/47972","targetHints":{"allow":["GET"]}}],"collection":[{"href":"https:\/\/tvc16.com\/portal\/wp-json\/wp\/v2\/posts"}],"about":[{"href":"https:\/\/tvc16.com\/portal\/wp-json\/wp\/v2\/types\/post"}],"author":[{"embeddable":true,"href":"https:\/\/tvc16.com\/portal\/wp-json\/wp\/v2\/users\/2"}],"replies":[{"embeddable":true,"href":"https:\/\/tvc16.com\/portal\/wp-json\/wp\/v2\/comments?post=47972"}],"version-history":[{"count":1,"href":"https:\/\/tvc16.com\/portal\/wp-json\/wp\/v2\/posts\/47972\/revisions"}],"predecessor-version":[{"id":47974,"href":"https:\/\/tvc16.com\/portal\/wp-json\/wp\/v2\/posts\/47972\/revisions\/47974"}],"wp:featuredmedia":[{"embeddable":true,"href":"https:\/\/tvc16.com\/portal\/wp-json\/wp\/v2\/media\/47973"}],"wp:attachment":[{"href":"https:\/\/tvc16.com\/portal\/wp-json\/wp\/v2\/media?parent=47972"}],"wp:term":[{"taxonomy":"category","embeddable":true,"href":"https:\/\/tvc16.com\/portal\/wp-json\/wp\/v2\/categories?post=47972"},{"taxonomy":"post_tag","embeddable":true,"href":"https:\/\/tvc16.com\/portal\/wp-json\/wp\/v2\/tags?post=47972"}],"curies":[{"name":"wp","href":"https:\/\/api.w.org\/{rel}","templated":true}]}}