{"id":47975,"date":"2022-11-20T08:27:00","date_gmt":"2022-11-20T11:27:00","guid":{"rendered":"https:\/\/tvc16.com\/portal\/?p=47975"},"modified":"2022-11-19T10:11:21","modified_gmt":"2022-11-19T13:11:21","slug":"dia-da-consciencia-negra-e-celebrado-neste-domingo-em-nova-friburgo","status":"publish","type":"post","link":"https:\/\/tvc16.com\/portal\/2022\/11\/20\/dia-da-consciencia-negra-e-celebrado-neste-domingo-em-nova-friburgo\/","title":{"rendered":"Dia da Consci\u00eancia Negra \u00e9 celebrado neste Domingo em Nova Friburgo"},"content":{"rendered":"\n<p>Neste domingo, 20, Dia da Consci\u00eancia Negra, a Prefeitura de Nova Friburgo, por meio da Secretaria de Cultura, realizar\u00e1, na Esta\u00e7\u00e3o Livre, a partir das 10h, diversas atividades gratuitas para celebrar a data e promover inclus\u00e3o, dignidade e orgulho da comunidade afrodescendente.<\/p>\n\n\n\n<figure class=\"wp-block-image size-full\"><img loading=\"lazy\" decoding=\"async\" width=\"1000\" height=\"1000\" src=\"https:\/\/tvc16.com\/portal\/wp-content\/uploads\/2022\/11\/316295147_5386806111445144_2748043598894359392_n.jpg\" alt=\"\" class=\"wp-image-47977\" srcset=\"https:\/\/tvc16.com\/portal\/wp-content\/uploads\/2022\/11\/316295147_5386806111445144_2748043598894359392_n.jpg 1000w, https:\/\/tvc16.com\/portal\/wp-content\/uploads\/2022\/11\/316295147_5386806111445144_2748043598894359392_n-300x300.jpg 300w, https:\/\/tvc16.com\/portal\/wp-content\/uploads\/2022\/11\/316295147_5386806111445144_2748043598894359392_n-150x150.jpg 150w, https:\/\/tvc16.com\/portal\/wp-content\/uploads\/2022\/11\/316295147_5386806111445144_2748043598894359392_n-768x768.jpg 768w\" sizes=\"auto, (max-width: 1000px) 100vw, 1000px\" \/><\/figure>\n\n\n\n<p>A data, que marca o assassinato do l\u00edder quilombola Zumbi dos Palmares, se transformou em uma celebra\u00e7\u00e3o importante no combate ao racismo brasileiro. Essa data foi <a><\/a>institu\u00edda oficialmente pela lei federal 12.519 de 2011.<\/p>\n\n\n\n<figure class=\"wp-block-image size-full\"><img loading=\"lazy\" decoding=\"async\" width=\"1000\" height=\"1000\" src=\"https:\/\/tvc16.com\/portal\/wp-content\/uploads\/2022\/11\/316171321_5386806578111764_97759208142807595_n.jpg\" alt=\"\" class=\"wp-image-47978\" srcset=\"https:\/\/tvc16.com\/portal\/wp-content\/uploads\/2022\/11\/316171321_5386806578111764_97759208142807595_n.jpg 1000w, https:\/\/tvc16.com\/portal\/wp-content\/uploads\/2022\/11\/316171321_5386806578111764_97759208142807595_n-300x300.jpg 300w, https:\/\/tvc16.com\/portal\/wp-content\/uploads\/2022\/11\/316171321_5386806578111764_97759208142807595_n-150x150.jpg 150w, https:\/\/tvc16.com\/portal\/wp-content\/uploads\/2022\/11\/316171321_5386806578111764_97759208142807595_n-768x768.jpg 768w\" sizes=\"auto, (max-width: 1000px) 100vw, 1000px\" \/><\/figure>\n\n\n\n<p>A programa\u00e7\u00e3o contar\u00e1, por exemplo, com a participa\u00e7\u00e3o do Centro Cultural Afro-Brasileiro Ysun- Oke, criado em 1987, que busca desenvolver projetos que elevem a autoestima, inclus\u00e3o social, conscientiza\u00e7\u00e3o e cidadania atrav\u00e9s de eventos culturais. Al\u00e9m da participa\u00e7\u00e3o de outros profissionais, grupos e artistas, atrav\u00e9s de trocas de informa\u00e7\u00f5es, m\u00fasicas e outras atividades.<\/p>\n\n\n\n<figure class=\"wp-block-image size-full\"><img loading=\"lazy\" decoding=\"async\" width=\"1000\" height=\"1000\" src=\"https:\/\/tvc16.com\/portal\/wp-content\/uploads\/2022\/11\/316197744_5386806744778414_8990248353429816646_n.jpg\" alt=\"\" class=\"wp-image-47979\" srcset=\"https:\/\/tvc16.com\/portal\/wp-content\/uploads\/2022\/11\/316197744_5386806744778414_8990248353429816646_n.jpg 1000w, https:\/\/tvc16.com\/portal\/wp-content\/uploads\/2022\/11\/316197744_5386806744778414_8990248353429816646_n-300x300.jpg 300w, https:\/\/tvc16.com\/portal\/wp-content\/uploads\/2022\/11\/316197744_5386806744778414_8990248353429816646_n-150x150.jpg 150w, https:\/\/tvc16.com\/portal\/wp-content\/uploads\/2022\/11\/316197744_5386806744778414_8990248353429816646_n-768x768.jpg 768w\" sizes=\"auto, (max-width: 1000px) 100vw, 1000px\" \/><\/figure>\n","protected":false},"excerpt":{"rendered":"<p>Neste domingo, 20, Dia da Consci\u00eancia Negra, a Prefeitura de Nova Friburgo, por meio da<\/p>\n","protected":false},"author":2,"featured_media":47976,"comment_status":"open","ping_status":"open","sticky":false,"template":"","format":"standard","meta":{"footnotes":""},"categories":[21,264,19,20,17],"tags":[],"class_list":["post-47975","post","type-post","status-publish","format-standard","has-post-thumbnail","hentry","category-cultura","category-destaque","category-educacao","category-esporte","category-outras-noticias"],"_links":{"self":[{"href":"https:\/\/tvc16.com\/portal\/wp-json\/wp\/v2\/posts\/47975","targetHints":{"allow":["GET"]}}],"collection":[{"href":"https:\/\/tvc16.com\/portal\/wp-json\/wp\/v2\/posts"}],"about":[{"href":"https:\/\/tvc16.com\/portal\/wp-json\/wp\/v2\/types\/post"}],"author":[{"embeddable":true,"href":"https:\/\/tvc16.com\/portal\/wp-json\/wp\/v2\/users\/2"}],"replies":[{"embeddable":true,"href":"https:\/\/tvc16.com\/portal\/wp-json\/wp\/v2\/comments?post=47975"}],"version-history":[{"count":1,"href":"https:\/\/tvc16.com\/portal\/wp-json\/wp\/v2\/posts\/47975\/revisions"}],"predecessor-version":[{"id":47980,"href":"https:\/\/tvc16.com\/portal\/wp-json\/wp\/v2\/posts\/47975\/revisions\/47980"}],"wp:featuredmedia":[{"embeddable":true,"href":"https:\/\/tvc16.com\/portal\/wp-json\/wp\/v2\/media\/47976"}],"wp:attachment":[{"href":"https:\/\/tvc16.com\/portal\/wp-json\/wp\/v2\/media?parent=47975"}],"wp:term":[{"taxonomy":"category","embeddable":true,"href":"https:\/\/tvc16.com\/portal\/wp-json\/wp\/v2\/categories?post=47975"},{"taxonomy":"post_tag","embeddable":true,"href":"https:\/\/tvc16.com\/portal\/wp-json\/wp\/v2\/tags?post=47975"}],"curies":[{"name":"wp","href":"https:\/\/api.w.org\/{rel}","templated":true}]}}