{"id":47981,"date":"2022-11-19T10:30:00","date_gmt":"2022-11-19T13:30:00","guid":{"rendered":"https:\/\/tvc16.com\/portal\/?p=47981"},"modified":"2022-11-19T10:17:59","modified_gmt":"2022-11-19T13:17:59","slug":"apos-2-anos-de-reducao-numero-de-mortes-por-dengue-cresce-no-brasil","status":"publish","type":"post","link":"https:\/\/tvc16.com\/portal\/2022\/11\/19\/apos-2-anos-de-reducao-numero-de-mortes-por-dengue-cresce-no-brasil\/","title":{"rendered":"Ap\u00f3s 2 anos de redu\u00e7\u00e3o, n\u00famero de mortes por dengue cresce no Brasil"},"content":{"rendered":"\n<p><em>Nathalia Ramos Guimar\u00e3es &#8211; Brasil61<\/em><\/p>\n\n\n\n<p>Desde 2010, o pen\u00faltimo s\u00e1bado do m\u00eas de novembro \u00e9 considerado o Dia Nacional de Combate \u00e0 Dengue. A campanha tem como objetivo mobilizar iniciativas do Poder P\u00fablico e a participa\u00e7\u00e3o popular no combate ao mosquito transmissor da doen\u00e7a, o Aedes aegypti.<\/p>\n\n\n\n<p>De acordo com o \u00faltimo boletim epidemiol\u00f3gico divulgado pelo Minist\u00e9rio da Sa\u00fade, at\u00e9 este s\u00e1bado (19)\u00a0foram registrados 1.376.536 casos prov\u00e1veis de dengue no Brasil. Isso representa um aumento de 180,5%, na compara\u00e7\u00e3o com o ano passado.<\/p>\n\n\n\n<p>Neste ano, a regi\u00e3o que apresentou o maior n\u00famero de casos prov\u00e1veis foi o Centro-Oeste, com 1.951,7 casos por 100 mil habitantes, seguida pelo&nbsp;Sul (1.036,2 casos\/100 mil hab.), Sudeste (502,8 casos\/100 mil hab.), Nordeste (415,9 casos\/100 mil hab.) e Norte (237,3 casos\/100 mil hab.).<\/p>\n\n\n\n<figure class=\"wp-block-image size-full\"><img loading=\"lazy\" decoding=\"async\" width=\"793\" height=\"379\" src=\"https:\/\/tvc16.com\/portal\/wp-content\/uploads\/2022\/11\/content_Casos_provaveis_de_dengue.png\" alt=\"\" class=\"wp-image-47983\" srcset=\"https:\/\/tvc16.com\/portal\/wp-content\/uploads\/2022\/11\/content_Casos_provaveis_de_dengue.png 793w, https:\/\/tvc16.com\/portal\/wp-content\/uploads\/2022\/11\/content_Casos_provaveis_de_dengue-300x143.png 300w, https:\/\/tvc16.com\/portal\/wp-content\/uploads\/2022\/11\/content_Casos_provaveis_de_dengue-768x367.png 768w\" sizes=\"auto, (max-width: 793px) 100vw, 793px\" \/><\/figure>\n\n\n\n<p><strong>Sintomas<\/strong><\/p>\n\n\n\n<p>Segundo o Minist\u00e9rio da Sa\u00fade, a infec\u00e7\u00e3o por dengue pode ser assintom\u00e1tica,&nbsp;apresentar sintomas leves e at\u00e9 graves. Os mais comuns s\u00e3o febre alta acompanhada de&nbsp;dor de cabe\u00e7a, dores no corpo e articula\u00e7\u00f5es; al\u00e9m de fraqueza, dor atr\u00e1s dos olhos&nbsp;e coceira na pele, perda de peso, n\u00e1useas e v\u00f4mito. Em alguns casos, podem aparecer manchas vermelhas na pele.<\/p>\n\n\n\n<p>Andressa Magalh\u00e3es, de 27 anos, descobriu que estava com dengue em 2019, ap\u00f3s apresentar os principais sintomas da doen\u00e7a. &#8220;Come\u00e7ou com uma dor de cabe\u00e7a muito forte que n\u00e3o estava passando, eu sentia uma dor forte no fundo dos olhos, os olhos ardendo, e uma febre alta que n\u00e3o estava passando com medica\u00e7\u00e3o. Eu apresentei manchas vermelhas pelo corpo, principalmente na barriga&#8221;, afirma. Como os sintomas persistiram, Andressa foi at\u00e9 um hospital e realizou um exame de sangue, que constatou a dengue.<\/p>\n\n\n\n<p>A m\u00e9dica que atua com sa\u00fade da fam\u00edlia, Karina Tomiasi, explica que, no caso de suspeita de dengue, o ideal \u00e9 ir at\u00e9 um posto de sa\u00fade para confirmar. \u201cO v\u00edrus da dengue \u00e9 fatal e n\u00e3o possui um tratamento espec\u00edfico, mas a hidrata\u00e7\u00e3o adequada \u00e9 fundamental.&nbsp;O profissional de sa\u00fade vai prescrev\u00ea-la junto com os medicamentos para o al\u00edvio dos sintomas&#8221;, informa.<\/p>\n\n\n\n<p><strong>Preven\u00e7\u00e3o<\/strong><\/p>\n\n\n\n<p>De acordo com o boletim epidemiol\u00f3gico, em 2022 foram confirmados 1.386 epis\u00f3dios de dengue grave, 17.227 sinais de alarme e 951 mortes pela doen\u00e7a. Os estados que apresentaram o maior n\u00famero de \u00f3bitos foram: S\u00e3o Paulo (274), Goi\u00e1s (142) e Paran\u00e1 (107).<\/p>\n\n\n\n<p>Para diminuir a quantidade de mortes pela doen\u00e7a, Karina afirma que a preven\u00e7\u00e3o contra o mosquito \u00e9 fundamental.&nbsp;&#8220;\u00c9 preciso refor\u00e7ar novamente as medidas de combate \u00e0 doen\u00e7a atrav\u00e9s da preven\u00e7\u00e3o de cria\u00e7\u00e3o de paradeiros e criadouros do mosquito transmissor, como na \u00e1gua parada, nos ambientes dom\u00e9sticos e o uso de repelentes. Isso ajudar\u00e1 a controlar a transmiss\u00e3o da doen\u00e7a e diminuir\u00e1 a demanda para tratamento dos casos em servi\u00e7os de sa\u00fade, que j\u00e1&nbsp;se encontram sobrecarregados&#8221;, alerta.<\/p>\n\n\n\n<p>Pedro Augusto Barbosa, de 23 anos, pegou dengue em 2015. Ele apresentou&nbsp;febre, dor de cabe\u00e7a, nos olhos e no corpo.&nbsp;Hoje, ele fica atento \u00e0s medidas de preven\u00e7\u00e3o contra a doen\u00e7a. &#8220;Quando eu peguei eu morava em casa, agora moro em apartamento, ent\u00e3o \u00e9 menos complicado de lidar. Eu s\u00f3 tenho plantas, suculentas pequenas, ent\u00e3o eu cuido delas para n\u00e3o acumular \u00e1gua&#8221;, conta.<\/p>\n\n\n\n<p>Al\u00e9m disso, ele explica que existem alguns lotes vagos perto de onde mora,&nbsp;que,&nbsp;\u00e0s vezes, acumulam lixo. Por isso, ele fica atento para fazer den\u00fancias \u00e0 prefeitura&nbsp; de sua cidade, quando h\u00e1 esse tipo de regularidade.<\/p>\n","protected":false},"excerpt":{"rendered":"<p>Nathalia Ramos Guimar\u00e3es &#8211; Brasil61 Desde 2010, o pen\u00faltimo s\u00e1bado do m\u00eas de novembro \u00e9<\/p>\n","protected":false},"author":2,"featured_media":47982,"comment_status":"open","ping_status":"open","sticky":false,"template":"","format":"standard","meta":{"footnotes":""},"categories":[18,17,14,15,13],"tags":[],"class_list":["post-47981","post","type-post","status-publish","format-standard","has-post-thumbnail","hentry","category-economia","category-outras-noticias","category-pais","category-politica","category-saude"],"_links":{"self":[{"href":"https:\/\/tvc16.com\/portal\/wp-json\/wp\/v2\/posts\/47981","targetHints":{"allow":["GET"]}}],"collection":[{"href":"https:\/\/tvc16.com\/portal\/wp-json\/wp\/v2\/posts"}],"about":[{"href":"https:\/\/tvc16.com\/portal\/wp-json\/wp\/v2\/types\/post"}],"author":[{"embeddable":true,"href":"https:\/\/tvc16.com\/portal\/wp-json\/wp\/v2\/users\/2"}],"replies":[{"embeddable":true,"href":"https:\/\/tvc16.com\/portal\/wp-json\/wp\/v2\/comments?post=47981"}],"version-history":[{"count":1,"href":"https:\/\/tvc16.com\/portal\/wp-json\/wp\/v2\/posts\/47981\/revisions"}],"predecessor-version":[{"id":47984,"href":"https:\/\/tvc16.com\/portal\/wp-json\/wp\/v2\/posts\/47981\/revisions\/47984"}],"wp:featuredmedia":[{"embeddable":true,"href":"https:\/\/tvc16.com\/portal\/wp-json\/wp\/v2\/media\/47982"}],"wp:attachment":[{"href":"https:\/\/tvc16.com\/portal\/wp-json\/wp\/v2\/media?parent=47981"}],"wp:term":[{"taxonomy":"category","embeddable":true,"href":"https:\/\/tvc16.com\/portal\/wp-json\/wp\/v2\/categories?post=47981"},{"taxonomy":"post_tag","embeddable":true,"href":"https:\/\/tvc16.com\/portal\/wp-json\/wp\/v2\/tags?post=47981"}],"curies":[{"name":"wp","href":"https:\/\/api.w.org\/{rel}","templated":true}]}}