{"id":47991,"date":"2022-11-19T17:00:00","date_gmt":"2022-11-19T20:00:00","guid":{"rendered":"https:\/\/tvc16.com\/portal\/?p=47991"},"modified":"2022-11-19T10:27:21","modified_gmt":"2022-11-19T13:27:21","slug":"pesquisa-mostra-que-74-dos-brasileiros-se-dizem-consumidores-ambientalmente-conscientes","status":"publish","type":"post","link":"https:\/\/tvc16.com\/portal\/2022\/11\/19\/pesquisa-mostra-que-74-dos-brasileiros-se-dizem-consumidores-ambientalmente-conscientes\/","title":{"rendered":"Pesquisa mostra que 74% dos brasileiros se dizem consumidores ambientalmente conscientes"},"content":{"rendered":"\n<p>Lucio Flavio &#8211; Brasil61<\/p>\n\n\n\n<p>De acordo com a pesquisa \u201cRetratos da Sociedade: H\u00e1bitos sustent\u00e1veis e consumo consciente\u2019, da Confedera\u00e7\u00e3o Nacional da Ind\u00fastria (CNI), 74% dos entrevistados se dizem consumidores ambientalmente conscientes. Sendo que 30% dizem que sempre adotam esses h\u00e1bitos e 44% afirmam que \u201c\u00e0s vezes\u201d.<\/p>\n\n\n\n<p>Os dados da pesquisa da CNI ainda revelam que 69% dos brasileiros costumam separar materiais para reciclagem. &nbsp;A parcela que adota essa pr\u00e1tica em 2022 \u00e9 maior que em pesquisas anteriores. Em 2019, por exemplo, 55% dos entrevistados destinavam materiais para reciclagem. Na edi\u00e7\u00e3o de 2013, essa parcela era de 52%.<\/p>\n\n\n\n<p>Quando, no entanto, s\u00e3o perguntados sobre qual a percep\u00e7\u00e3o em rela\u00e7\u00e3o \u00e0s pessoas que residem, os n\u00fameros foram diferentes. Para os entrevistados, apenas 32% da popula\u00e7\u00e3o de seu estado adotam h\u00e1bitos ambientalmente sustent\u00e1veis, sendo que apenas 7% adotariam esse h\u00e1bito sempre, na vis\u00e3o deles.<\/p>\n\n\n\n<p>Para a diretora de Rela\u00e7\u00f5es Institucionais da CNI, M\u00f4nica Messenberg, tanto a sociedade, quanto os produtores e as ind\u00fastrias est\u00e3o cada vez mais comprometidos em prol de um futuro melhor.&nbsp;<\/p>\n\n\n\n<p>\u201c\u00c9 um caminho sem volta. Tanto a ind\u00fastria, quanto os produtores e a sociedade, v\u00e3o cada vez mais exigir que os produtos sejam sustent\u00e1veis, que tenhamos menor emiss\u00e3o de g\u00e1s estufa e que o pa\u00eds e o globo como um todo, tenham um futuro mais ambientalmente sustent\u00e1vel\u201d, observa a gestora, que participou da Confer\u00eancia das Na\u00e7\u00f5es Unidas Sobre as Mudan\u00e7as Clim\u00e1ticas, a COP 27. &nbsp;\u201cA ind\u00fastria est\u00e1 realmente empenhada nessa ind\u00fastria de baixo carbono\u201d, completa.&nbsp;<\/p>\n\n\n\n<p>O chefe da Se\u00e7\u00e3o de Meio Ambiente das Centrais de Abastecimento do Distrito Federal, a Ceasa-DF, Renato Lino explica que esse comportamento da sociedade em rela\u00e7\u00e3o ao consumo consciente j\u00e1 acontece h\u00e1 algum tempo. Uma mudan\u00e7a percept\u00edvel que constata no dia a dia dos produtores e consumidores da Ceasa-DF.&nbsp;<\/p>\n\n\n\n<p>\u201cA quest\u00e3o da sustentabilidade d\u00e1 tamb\u00e9m uma maior visibilidade ao produto. Os clientes est\u00e3o cada vez mais preocupados com essa quest\u00e3o ambiental, onde foi produzido, em que tipo de terra foi cultivada, quais os produtores foram utilizados naquela produ\u00e7\u00e3o, inclusive at\u00e9 a maneira de transporte, como esse alimento chega na cidade\u201d, explica. \u201cQuem est\u00e1 no mercado ambiental, trabalhando com o meio ambiente h\u00e1 alguns anos v\u00ea nitidamente essa mudan\u00e7a comportamental do consumidor brasileiro, ainda incipiente, 69% \u00e9 um \u00edndice alto, mas a gente pode chegar a 100%, pelo menos a meta \u00e9 essa\u201d, defende.&nbsp;<\/p>\n\n\n\n<p>Ao todo, foram entrevistadas na pesquisa 2.019 pessoas com idade a partir de 16 anos, nas 27 unidades da Federa\u00e7\u00e3o. As entrevistas foram realizadas entre 8 e 12 de outubro. A margem de erro \u00e9 de 2 pontos percentuais, com intervalo de confian\u00e7a de 95%.<\/p>\n","protected":false},"excerpt":{"rendered":"<p>Lucio Flavio &#8211; Brasil61 De acordo com a pesquisa \u201cRetratos da Sociedade: H\u00e1bitos sustent\u00e1veis e<\/p>\n","protected":false},"author":2,"featured_media":47992,"comment_status":"open","ping_status":"open","sticky":false,"template":"","format":"standard","meta":{"footnotes":""},"categories":[21,18,17,14,15],"tags":[],"class_list":["post-47991","post","type-post","status-publish","format-standard","has-post-thumbnail","hentry","category-cultura","category-economia","category-outras-noticias","category-pais","category-politica"],"_links":{"self":[{"href":"https:\/\/tvc16.com\/portal\/wp-json\/wp\/v2\/posts\/47991","targetHints":{"allow":["GET"]}}],"collection":[{"href":"https:\/\/tvc16.com\/portal\/wp-json\/wp\/v2\/posts"}],"about":[{"href":"https:\/\/tvc16.com\/portal\/wp-json\/wp\/v2\/types\/post"}],"author":[{"embeddable":true,"href":"https:\/\/tvc16.com\/portal\/wp-json\/wp\/v2\/users\/2"}],"replies":[{"embeddable":true,"href":"https:\/\/tvc16.com\/portal\/wp-json\/wp\/v2\/comments?post=47991"}],"version-history":[{"count":1,"href":"https:\/\/tvc16.com\/portal\/wp-json\/wp\/v2\/posts\/47991\/revisions"}],"predecessor-version":[{"id":47993,"href":"https:\/\/tvc16.com\/portal\/wp-json\/wp\/v2\/posts\/47991\/revisions\/47993"}],"wp:featuredmedia":[{"embeddable":true,"href":"https:\/\/tvc16.com\/portal\/wp-json\/wp\/v2\/media\/47992"}],"wp:attachment":[{"href":"https:\/\/tvc16.com\/portal\/wp-json\/wp\/v2\/media?parent=47991"}],"wp:term":[{"taxonomy":"category","embeddable":true,"href":"https:\/\/tvc16.com\/portal\/wp-json\/wp\/v2\/categories?post=47991"},{"taxonomy":"post_tag","embeddable":true,"href":"https:\/\/tvc16.com\/portal\/wp-json\/wp\/v2\/tags?post=47991"}],"curies":[{"name":"wp","href":"https:\/\/api.w.org\/{rel}","templated":true}]}}