{"id":47994,"date":"2022-11-19T11:50:00","date_gmt":"2022-11-19T14:50:00","guid":{"rendered":"https:\/\/tvc16.com\/portal\/?p=47994"},"modified":"2022-11-19T11:37:45","modified_gmt":"2022-11-19T14:37:45","slug":"festa-afro-ubuntu-apresentacao-de-mvbill-na-praca-da-liberdade-e-sucesso","status":"publish","type":"post","link":"https:\/\/tvc16.com\/portal\/2022\/11\/19\/festa-afro-ubuntu-apresentacao-de-mvbill-na-praca-da-liberdade-e-sucesso\/","title":{"rendered":"Festa Afro Ubuntu: apresenta\u00e7\u00e3o de MVBill na Pra\u00e7a da Liberdade \u00e9 sucesso"},"content":{"rendered":"\n<p>Neste s\u00e1bado, ser\u00e1 a vez de Leci Brand\u00e3o, \u00e0s 19h e Baile Charme de Madureira a partir das 20h30. Antes disso, \u00e0s 16h30, o concurso Beleza Negra 2022, promovido por Teresa Scherer, escolhe as mais belas representantes.<\/p>\n\n\n\n<p>A noite desta sexta-feira (18), trouxe o rapper MVBill. A apresenta\u00e7\u00e3o foi um sucesso e faz parte da programa\u00e7\u00e3o da d\u00e9cima Festa Afro Ubuntu, promovida pela Prefeitura e pelo Conselho Municipal de Prote\u00e7\u00e3o \u00e0 Igualdade Racial (Compir).<\/p>\n\n\n\n<figure class=\"wp-block-image size-large\"><img loading=\"lazy\" decoding=\"async\" width=\"683\" height=\"1024\" src=\"https:\/\/tvc16.com\/portal\/wp-content\/uploads\/2022\/11\/a45669dd-6070-47c8-a996-4e9fc3b49e1a-683x1024.jpg\" alt=\"\" class=\"wp-image-47996\" srcset=\"https:\/\/tvc16.com\/portal\/wp-content\/uploads\/2022\/11\/a45669dd-6070-47c8-a996-4e9fc3b49e1a-683x1024.jpg 683w, https:\/\/tvc16.com\/portal\/wp-content\/uploads\/2022\/11\/a45669dd-6070-47c8-a996-4e9fc3b49e1a-200x300.jpg 200w, https:\/\/tvc16.com\/portal\/wp-content\/uploads\/2022\/11\/a45669dd-6070-47c8-a996-4e9fc3b49e1a-768x1152.jpg 768w, https:\/\/tvc16.com\/portal\/wp-content\/uploads\/2022\/11\/a45669dd-6070-47c8-a996-4e9fc3b49e1a-1024x1536.jpg 1024w, https:\/\/tvc16.com\/portal\/wp-content\/uploads\/2022\/11\/a45669dd-6070-47c8-a996-4e9fc3b49e1a.jpg 1066w\" sizes=\"auto, (max-width: 683px) 100vw, 683px\" \/><\/figure>\n\n\n\n<p>&#8220;O Ubuntu est\u00e1 sendo um sucesso com os petropolitanos prestigiando os shows e apresenta\u00e7\u00f5es culturais. Temos que agradecer ao Felipe Graciano e Rafaela M\u00e1ximo do Copir, a Karol Cerqueira do gabinete do prefeito e o apoio da Guarda Civil Municipal, da Secretaria de Sa\u00fade, da Comdep e de todas as secretarias que est\u00e3o unidas ajudando a promover esta linda festa de exalta\u00e7\u00e3o do povo negro da nossa cidade&#8221;, disse a secret\u00e1ria de Cultura, Diana Iliescu.<\/p>\n\n\n\n<p>A programa\u00e7\u00e3o completa est\u00e1 dispon\u00edvel no site da Prefeitura e tamb\u00e9m nas redes sociais.<\/p>\n","protected":false},"excerpt":{"rendered":"<p>Neste s\u00e1bado, ser\u00e1 a vez de Leci Brand\u00e3o, \u00e0s 19h e Baile Charme de Madureira<\/p>\n","protected":false},"author":2,"featured_media":47995,"comment_status":"open","ping_status":"open","sticky":false,"template":"","format":"standard","meta":{"footnotes":""},"categories":[12,264,118],"tags":[],"class_list":["post-47994","post","type-post","status-publish","format-standard","has-post-thumbnail","hentry","category-cidade","category-destaque","category-programacao"],"_links":{"self":[{"href":"https:\/\/tvc16.com\/portal\/wp-json\/wp\/v2\/posts\/47994","targetHints":{"allow":["GET"]}}],"collection":[{"href":"https:\/\/tvc16.com\/portal\/wp-json\/wp\/v2\/posts"}],"about":[{"href":"https:\/\/tvc16.com\/portal\/wp-json\/wp\/v2\/types\/post"}],"author":[{"embeddable":true,"href":"https:\/\/tvc16.com\/portal\/wp-json\/wp\/v2\/users\/2"}],"replies":[{"embeddable":true,"href":"https:\/\/tvc16.com\/portal\/wp-json\/wp\/v2\/comments?post=47994"}],"version-history":[{"count":1,"href":"https:\/\/tvc16.com\/portal\/wp-json\/wp\/v2\/posts\/47994\/revisions"}],"predecessor-version":[{"id":47997,"href":"https:\/\/tvc16.com\/portal\/wp-json\/wp\/v2\/posts\/47994\/revisions\/47997"}],"wp:featuredmedia":[{"embeddable":true,"href":"https:\/\/tvc16.com\/portal\/wp-json\/wp\/v2\/media\/47995"}],"wp:attachment":[{"href":"https:\/\/tvc16.com\/portal\/wp-json\/wp\/v2\/media?parent=47994"}],"wp:term":[{"taxonomy":"category","embeddable":true,"href":"https:\/\/tvc16.com\/portal\/wp-json\/wp\/v2\/categories?post=47994"},{"taxonomy":"post_tag","embeddable":true,"href":"https:\/\/tvc16.com\/portal\/wp-json\/wp\/v2\/tags?post=47994"}],"curies":[{"name":"wp","href":"https:\/\/api.w.org\/{rel}","templated":true}]}}