{"id":480,"date":"2020-09-15T17:08:31","date_gmt":"2020-09-15T17:08:31","guid":{"rendered":"https:\/\/tvc16.com\/portal\/?p=480"},"modified":"2020-09-15T17:08:31","modified_gmt":"2020-09-15T17:08:31","slug":"ministerio-mantem-previsao-de-queda-da-economia-em-47-este-ano","status":"publish","type":"post","link":"https:\/\/tvc16.com\/portal\/2020\/09\/15\/ministerio-mantem-previsao-de-queda-da-economia-em-47-este-ano\/","title":{"rendered":"Minist\u00e9rio mant\u00e9m previs\u00e3o de queda da economia em 4,7% este ano"},"content":{"rendered":"\n<p>Proje\u00e7\u00f5es est\u00e3o no Boletim MacroFiscal divulgado nesta ter\u00e7a-feira (15)<\/p>\n\n\n\n<p>A Secretaria de Pol\u00edtica Econ\u00f4mica (SPE) do Minist\u00e9rio da Economia manteve a proje\u00e7\u00e3o para a queda da economia este ano e elevou a estimativa para a infla\u00e7\u00e3o, por influ\u00eancia da alta nos pre\u00e7os dos alimentos. As proje\u00e7\u00f5es est\u00e3o no Boletim MacroFiscal divulgado hoje (15).<\/p>\n\n\n\n<p>A estimativa para o recuo do Produto Interno Bruto (PIB) foi mantida em 4,7%, em rela\u00e7\u00e3o ao boletim divulgado em junho. O PIB \u00e9 a soma de todos os bens e servi\u00e7os produzidos no pa\u00eds. \u201cA atual estimativa para o PIB de 2020 foi mantida em 4,7%, devido \u00e0 melhora da proje\u00e7\u00e3o para o segundo semestre deste ano.<\/p>\n\n\n\n<p>Na proje\u00e7\u00e3o para o 3\u00ba trimestre, espera-se que a ind\u00fastria, agropecu\u00e1ria e com\u00e9rcio sejam os principais motores para a retomada. Na estimativa do 4\u00ba trimestre, esperamos que o impulso para a recupera\u00e7\u00e3o vir\u00e1 pela retomada mais vigorosa dos demais servi\u00e7os, que foram duramente afetados pela pandemia\u201d, diz o boletim.<\/p>\n\n\n\n<p>De acordo com o boletim, os indicadores do segundo trimestre mostraram que os efeitos da pandemia sobre a economia brasileira foram \u201cmais intensos em abril, m\u00eas que registrou as mais fortes quedas na atividade dos diversos setores\u201d. \u201cEntretanto, esses efeitos j\u00e1 foram parcialmente compensados em maio, junho e julho, com a sinaliza\u00e7\u00e3o de uma recupera\u00e7\u00e3o moderada, ainda que n\u00e3o homog\u00eanea. Com isso, apesar da grande incerteza ainda existente no ambiente econ\u00f4mico, a confian\u00e7a de empres\u00e1rios e consumidores tem voltado e ampliado as perspectivas de recupera\u00e7\u00e3o no 2\u00ba semestre de 2020 e nos meses seguintes\u201d, acrescentou.<\/p>\n\n\n\n<p>O secret\u00e1rio de Pol\u00edtica Econ\u00f4mica, Adolfo Sachsida, afirmou que o setor de servi\u00e7os teve maior queda em maio, diferentemente dos outros segmentos. E por isso, ele considera que o setor de servi\u00e7os est\u00e1 com \u201ca retomada um pouco mais lenta\u201d. \u201cA partir de outubro o setor de servi\u00e7os vai vir mais forte\u201d, disse em entrevista coletiva virtual para apresentar o boletim.<\/p>\n\n\n\n<p>A proje\u00e7\u00e3o de queda do PIB para o terceiro trimestre de 2020 \u00e9 de 4,9% em rela\u00e7\u00e3o ao mesmo trimestre do ano passado. O resultado representa uma varia\u00e7\u00e3o de 7,3% em rela\u00e7\u00e3o ao segundo trimestre de 2020. A proje\u00e7\u00e3o leva em considera\u00e7\u00e3o os dados divulgados at\u00e9 o dia 08 de setembro, diz a SPE.<\/p>\n\n\n\n<p>Para 2021, a estimativa de crescimento se manteve em 3,2%. J\u00e1 para 2023 e 2024, a proje\u00e7\u00e3o do crescimento \u00e9 de 2,5%.<\/p>\n\n\n\n<p>Infla\u00e7\u00e3o<\/p>\n\n\n\n<p>A proje\u00e7\u00e3o de infla\u00e7\u00e3o pelo \u00cdndice Nacional de Pre\u00e7os ao Consumidor Amplo (IPCA) para 2020 \u00e9 de 1,83%, acima da previs\u00e3o de julho (1,6%). \u201cO principal respons\u00e1vel pela eleva\u00e7\u00e3o da proje\u00e7\u00e3o \u00e9 o pre\u00e7o de alimentos. Observando a evolu\u00e7\u00e3o do IPCA ao longo do ano, vemos que a infla\u00e7\u00e3o acumulada em 12 meses do grupo Alimenta\u00e7\u00e3o no Domic\u00edlio, ap\u00f3s atingir um valor m\u00ednimo de 5,06% em mar\u00e7o, acelerou at\u00e9 alcan\u00e7ar 11,39% em agosto (\u00faltimo dado dispon\u00edvel). Contudo, o comportamento das demais categorias de produtos continua apresentando infla\u00e7\u00e3o est\u00e1vel e baixa (inclusive se comparada \u00e0 meta de infla\u00e7\u00e3o)\u201d, diz o boletim.<\/p>\n\n\n\n<p>O \u00cdndice Nacional de Pre\u00e7os ao Consumidor (INPC) dever\u00e1 encerrar este ano com varia\u00e7\u00e3o de 2,35%. A previs\u00e3o anterior era 2,09%. A proje\u00e7\u00e3o para o \u00cdndice Geral de Pre\u00e7os \u2013 Disponibilidade Interna (IGP-DI), que inclui tamb\u00e9m o setor atacadista, al\u00e9m do consumidor final, subiu de 6,58%, em julho, para 13,02%.<\/p>\n\n\n\n<p>De acordo com Sachsida, o aumento da infla\u00e7\u00e3o \u00e9 transit\u00f3rio. \u201cA quest\u00e3o da infla\u00e7\u00e3o \u00e9 localizada e transit\u00f3ria. Da mesma maneira que aconteceu na carne, vai acontecer com os pre\u00e7os dos alimentos \u2013 subiram e depois v\u00e3o normalizar\u201d, afirmou.<\/p>\n\n\n\n<p>Kelly Oliveira \u2013 Rep\u00f3rter da Ag\u00eancia Brasil &#8211; Bras\u00edlia<\/p>\n\n\n\n<p>Edi\u00e7\u00e3o: Maria Claudia<\/p>\n","protected":false},"excerpt":{"rendered":"<p>Proje\u00e7\u00f5es est\u00e3o no Boletim MacroFiscal divulgado nesta ter\u00e7a-feira (15) A Secretaria de Pol\u00edtica Econ\u00f4mica (SPE)<\/p>\n","protected":false},"author":2,"featured_media":481,"comment_status":"open","ping_status":"open","sticky":false,"template":"","format":"standard","meta":{"footnotes":""},"categories":[14],"tags":[],"class_list":["post-480","post","type-post","status-publish","format-standard","has-post-thumbnail","hentry","category-pais"],"_links":{"self":[{"href":"https:\/\/tvc16.com\/portal\/wp-json\/wp\/v2\/posts\/480","targetHints":{"allow":["GET"]}}],"collection":[{"href":"https:\/\/tvc16.com\/portal\/wp-json\/wp\/v2\/posts"}],"about":[{"href":"https:\/\/tvc16.com\/portal\/wp-json\/wp\/v2\/types\/post"}],"author":[{"embeddable":true,"href":"https:\/\/tvc16.com\/portal\/wp-json\/wp\/v2\/users\/2"}],"replies":[{"embeddable":true,"href":"https:\/\/tvc16.com\/portal\/wp-json\/wp\/v2\/comments?post=480"}],"version-history":[{"count":1,"href":"https:\/\/tvc16.com\/portal\/wp-json\/wp\/v2\/posts\/480\/revisions"}],"predecessor-version":[{"id":482,"href":"https:\/\/tvc16.com\/portal\/wp-json\/wp\/v2\/posts\/480\/revisions\/482"}],"wp:featuredmedia":[{"embeddable":true,"href":"https:\/\/tvc16.com\/portal\/wp-json\/wp\/v2\/media\/481"}],"wp:attachment":[{"href":"https:\/\/tvc16.com\/portal\/wp-json\/wp\/v2\/media?parent=480"}],"wp:term":[{"taxonomy":"category","embeddable":true,"href":"https:\/\/tvc16.com\/portal\/wp-json\/wp\/v2\/categories?post=480"},{"taxonomy":"post_tag","embeddable":true,"href":"https:\/\/tvc16.com\/portal\/wp-json\/wp\/v2\/tags?post=480"}],"curies":[{"name":"wp","href":"https:\/\/api.w.org\/{rel}","templated":true}]}}