{"id":48004,"date":"2022-11-19T18:26:05","date_gmt":"2022-11-19T21:26:05","guid":{"rendered":"https:\/\/tvc16.com\/portal\/?p=48004"},"modified":"2022-11-19T18:26:06","modified_gmt":"2022-11-19T21:26:06","slug":"acidente-e-registrado-no-bairro-da-gloria-em-petropolis","status":"publish","type":"post","link":"https:\/\/tvc16.com\/portal\/2022\/11\/19\/acidente-e-registrado-no-bairro-da-gloria-em-petropolis\/","title":{"rendered":"Acidente \u00e9 registrado no bairro da Gl\u00f3ria em Petr\u00f3polis"},"content":{"rendered":"\n<p>Um acidente envolvendo dois ve\u00edculos de passeio na manh\u00e3 deste s\u00e1bado, 19, \u00e0s 06h27, no in\u00edcio do bairro da Gloria, causou interrup\u00e7\u00e3o da via temporariamente.<\/p>\n\n\n\n<figure class=\"wp-block-image size-full\"><img loading=\"lazy\" decoding=\"async\" width=\"614\" height=\"385\" src=\"https:\/\/tvc16.com\/portal\/wp-content\/uploads\/2022\/11\/Acidente-1.jpg\" alt=\"\" class=\"wp-image-48006\" srcset=\"https:\/\/tvc16.com\/portal\/wp-content\/uploads\/2022\/11\/Acidente-1.jpg 614w, https:\/\/tvc16.com\/portal\/wp-content\/uploads\/2022\/11\/Acidente-1-300x188.jpg 300w\" sizes=\"auto, (max-width: 614px) 100vw, 614px\" \/><\/figure>\n\n\n\n<p>Moradores do local que preferem n\u00e3o se identificar, contam que o acidente da manh\u00e3 deste s\u00e1bado, foi o terceiro no mesmo local e todos s\u00e3o un\u00edssonos em informar que a via precisa de aten\u00e7\u00e3o e sinaliza\u00e7\u00e3o.<\/p>\n\n\n\n<figure class=\"wp-block-image size-full\"><img loading=\"lazy\" decoding=\"async\" width=\"594\" height=\"291\" src=\"https:\/\/tvc16.com\/portal\/wp-content\/uploads\/2022\/11\/acidente-2.jpg\" alt=\"\" class=\"wp-image-48007\" srcset=\"https:\/\/tvc16.com\/portal\/wp-content\/uploads\/2022\/11\/acidente-2.jpg 594w, https:\/\/tvc16.com\/portal\/wp-content\/uploads\/2022\/11\/acidente-2-300x147.jpg 300w\" sizes=\"auto, (max-width: 594px) 100vw, 594px\" \/><\/figure>\n\n\n\n<p>\u201cA gente se preocupa e n\u00e3o se sente segura neste trecho. E sim, \u00e9 motivo de preocupa\u00e7\u00e3o para todos n\u00f3s, porque a rua \u00e9 estreita, tem muito movimento e os autom\u00f3veis passam muito pr\u00f3ximos das resid\u00eancias e em velocidade\u201d, contou a moradora.<\/p>\n\n\n\n<figure class=\"wp-block-image size-full\"><img loading=\"lazy\" decoding=\"async\" width=\"623\" height=\"310\" src=\"https:\/\/tvc16.com\/portal\/wp-content\/uploads\/2022\/11\/acidente-5.jpg\" alt=\"\" class=\"wp-image-48008\" srcset=\"https:\/\/tvc16.com\/portal\/wp-content\/uploads\/2022\/11\/acidente-5.jpg 623w, https:\/\/tvc16.com\/portal\/wp-content\/uploads\/2022\/11\/acidente-5-300x149.jpg 300w\" sizes=\"auto, (max-width: 623px) 100vw, 623px\" \/><\/figure>\n\n\n\n<p>De acordo com as imagens registradas por c\u00e2meras de seguran\u00e7a, os autom\u00f3veis ficaram bastante danificados. \u00c9 poss\u00edvel perceber que o condutor do autom\u00f3vel capotado conseguiu sair do ve\u00edculo sozinho e que as pessoas que estavam no outro ve\u00edculo pararam para prestar socorro. N\u00e3o h\u00e1 informa\u00e7\u00f5es sobre o estado de sa\u00fade dos envolvidos.<\/p>\n\n\n\n<figure class=\"wp-block-image size-full\"><img loading=\"lazy\" decoding=\"async\" width=\"578\" height=\"284\" src=\"https:\/\/tvc16.com\/portal\/wp-content\/uploads\/2022\/11\/acidente-4a.jpg\" alt=\"\" class=\"wp-image-48009\" srcset=\"https:\/\/tvc16.com\/portal\/wp-content\/uploads\/2022\/11\/acidente-4a.jpg 578w, https:\/\/tvc16.com\/portal\/wp-content\/uploads\/2022\/11\/acidente-4a-300x147.jpg 300w\" sizes=\"auto, (max-width: 578px) 100vw, 578px\" \/><\/figure>\n","protected":false},"excerpt":{"rendered":"<p>Um acidente envolvendo dois ve\u00edculos de passeio na manh\u00e3 deste s\u00e1bado, 19, \u00e0s 06h27, no<\/p>\n","protected":false},"author":2,"featured_media":48005,"comment_status":"open","ping_status":"open","sticky":false,"template":"","format":"standard","meta":{"footnotes":""},"categories":[12],"tags":[],"class_list":["post-48004","post","type-post","status-publish","format-standard","has-post-thumbnail","hentry","category-cidade"],"_links":{"self":[{"href":"https:\/\/tvc16.com\/portal\/wp-json\/wp\/v2\/posts\/48004","targetHints":{"allow":["GET"]}}],"collection":[{"href":"https:\/\/tvc16.com\/portal\/wp-json\/wp\/v2\/posts"}],"about":[{"href":"https:\/\/tvc16.com\/portal\/wp-json\/wp\/v2\/types\/post"}],"author":[{"embeddable":true,"href":"https:\/\/tvc16.com\/portal\/wp-json\/wp\/v2\/users\/2"}],"replies":[{"embeddable":true,"href":"https:\/\/tvc16.com\/portal\/wp-json\/wp\/v2\/comments?post=48004"}],"version-history":[{"count":1,"href":"https:\/\/tvc16.com\/portal\/wp-json\/wp\/v2\/posts\/48004\/revisions"}],"predecessor-version":[{"id":48010,"href":"https:\/\/tvc16.com\/portal\/wp-json\/wp\/v2\/posts\/48004\/revisions\/48010"}],"wp:featuredmedia":[{"embeddable":true,"href":"https:\/\/tvc16.com\/portal\/wp-json\/wp\/v2\/media\/48005"}],"wp:attachment":[{"href":"https:\/\/tvc16.com\/portal\/wp-json\/wp\/v2\/media?parent=48004"}],"wp:term":[{"taxonomy":"category","embeddable":true,"href":"https:\/\/tvc16.com\/portal\/wp-json\/wp\/v2\/categories?post=48004"},{"taxonomy":"post_tag","embeddable":true,"href":"https:\/\/tvc16.com\/portal\/wp-json\/wp\/v2\/tags?post=48004"}],"curies":[{"name":"wp","href":"https:\/\/api.w.org\/{rel}","templated":true}]}}