{"id":48011,"date":"2022-11-19T19:00:00","date_gmt":"2022-11-19T22:00:00","guid":{"rendered":"https:\/\/tvc16.com\/portal\/?p=48011"},"modified":"2022-11-19T18:37:08","modified_gmt":"2022-11-19T21:37:08","slug":"fab-vai-investigar-morte-de-militar-em-predio-do-ministerio-da-defesa","status":"publish","type":"post","link":"https:\/\/tvc16.com\/portal\/2022\/11\/19\/fab-vai-investigar-morte-de-militar-em-predio-do-ministerio-da-defesa\/","title":{"rendered":"FAB vai investigar morte de militar em pr\u00e9dio do Minist\u00e9rio da Defesa"},"content":{"rendered":"\n<p>Matheus Vargas &#8211; FolhaPress<\/p>\n\n\n\n<p>A FAB (For\u00e7a A\u00e9rea Brasileira) vai investigar a morte de um militar na manh\u00e3 deste s\u00e1bado (19) dentro de um anexo do Minist\u00e9rio da Defesa, em Bras\u00edlia.<br>Em nota, a Defesa afirmou que a morte ocorreu por disparo de arma de fogo.<br>A pasta n\u00e3o informou o nome do militar que atua na aeron\u00e1utica. O caso foi registrado na Pol\u00edcia Civil do Distrito Federal como homic\u00eddio. Segundo a pol\u00edcia, o autor do disparo tem 19 anos e a v\u00edtima tinha a mesma idade.<br>&#8220;\u00c9 com profundo sentimento de tristeza e pesar que o Minist\u00e9rio da Defesa lamenta o incidente ocorrido, na manh\u00e3 deste s\u00e1bado (19.11), no alojamento da guarda, localizado no pr\u00e9dio anexo da Pasta, e que vitimou, por meio de disparo de arma de fogo, um militar da For\u00e7a A\u00e9rea Brasileira&#8221;, disse a Defesa.<br>&#8220;O Minist\u00e9rio rende as condol\u00eancias aos familiares e amigos pela irrepar\u00e1vel perda. Neste momento de dor, a Defesa une-se \u00e0s manifesta\u00e7\u00f5es de solidariedade e de apoio \u00e0 fam\u00edlia, bem como acompanha a apura\u00e7\u00e3o e a investiga\u00e7\u00e3o dos fatos, a serem conduzidas pela For\u00e7a A\u00e9rea&#8221;, afirmou ainda a pasta.<br>A Pol\u00edcia Civil informou que o caso registrado como homic\u00eddio ocorreu entre 6h e 7h. &#8220;Foi registrada ocorr\u00eancia de homic\u00eddio na 5\u00aa DP, nesta data, por\u00e9m, em raz\u00e3o de ser crime militar, a investiga\u00e7\u00e3o dos fatos ficar\u00e1 sob responsabilidade da For\u00e7a A\u00e9rea Brasileira&#8221;, afirmou a pol\u00edcia.<\/p>\n","protected":false},"excerpt":{"rendered":"<p>Matheus Vargas &#8211; FolhaPress A FAB (For\u00e7a A\u00e9rea Brasileira) vai investigar a morte de um<\/p>\n","protected":false},"author":2,"featured_media":48012,"comment_status":"open","ping_status":"open","sticky":false,"template":"","format":"standard","meta":{"footnotes":""},"categories":[17,14],"tags":[],"class_list":["post-48011","post","type-post","status-publish","format-standard","has-post-thumbnail","hentry","category-outras-noticias","category-pais"],"_links":{"self":[{"href":"https:\/\/tvc16.com\/portal\/wp-json\/wp\/v2\/posts\/48011","targetHints":{"allow":["GET"]}}],"collection":[{"href":"https:\/\/tvc16.com\/portal\/wp-json\/wp\/v2\/posts"}],"about":[{"href":"https:\/\/tvc16.com\/portal\/wp-json\/wp\/v2\/types\/post"}],"author":[{"embeddable":true,"href":"https:\/\/tvc16.com\/portal\/wp-json\/wp\/v2\/users\/2"}],"replies":[{"embeddable":true,"href":"https:\/\/tvc16.com\/portal\/wp-json\/wp\/v2\/comments?post=48011"}],"version-history":[{"count":1,"href":"https:\/\/tvc16.com\/portal\/wp-json\/wp\/v2\/posts\/48011\/revisions"}],"predecessor-version":[{"id":48013,"href":"https:\/\/tvc16.com\/portal\/wp-json\/wp\/v2\/posts\/48011\/revisions\/48013"}],"wp:featuredmedia":[{"embeddable":true,"href":"https:\/\/tvc16.com\/portal\/wp-json\/wp\/v2\/media\/48012"}],"wp:attachment":[{"href":"https:\/\/tvc16.com\/portal\/wp-json\/wp\/v2\/media?parent=48011"}],"wp:term":[{"taxonomy":"category","embeddable":true,"href":"https:\/\/tvc16.com\/portal\/wp-json\/wp\/v2\/categories?post=48011"},{"taxonomy":"post_tag","embeddable":true,"href":"https:\/\/tvc16.com\/portal\/wp-json\/wp\/v2\/tags?post=48011"}],"curies":[{"name":"wp","href":"https:\/\/api.w.org\/{rel}","templated":true}]}}