{"id":48014,"date":"2022-11-19T20:00:00","date_gmt":"2022-11-19T23:00:00","guid":{"rendered":"https:\/\/tvc16.com\/portal\/?p=48014"},"modified":"2022-11-19T19:45:30","modified_gmt":"2022-11-19T22:45:30","slug":"homem-de-61-anos-morre-ao-tentar-atravessar-a-ligacao-entre-vital-brasil-e-simeria-em-petropolis","status":"publish","type":"post","link":"https:\/\/tvc16.com\/portal\/2022\/11\/19\/homem-de-61-anos-morre-ao-tentar-atravessar-a-ligacao-entre-vital-brasil-e-simeria-em-petropolis\/","title":{"rendered":"Homem de 61 anos morre ao tentar atravessar a liga\u00e7\u00e3o entre Vital Brasil e Sim\u00e9ria em Petr\u00f3polis."},"content":{"rendered":"\n<p>O corpo de Jer\u00f4nimo Mendes Filho, j\u00e1 sem vida, que estava num precip\u00edcio com profundidade superior a tr\u00eas metros, foi resgatado pelo Corpo de Bombeiros da cidade, acionado por volta das 06h11 da manh\u00e3 deste s\u00e1bado, 19.<\/p>\n\n\n\n<p>Populares que fazem uso da passagem reclamam que o caminho n\u00e3o \u00e9 seguro, n\u00e3o tem ilumina\u00e7\u00e3o p\u00fablica, n\u00e3o recebe capina ou ro\u00e7ada e sofre com deslizamentos de terra, por ser uma regi\u00e3o afetada pelas chuvas h\u00e1 quase 10 anos.<\/p>\n\n\n\n<p>A Prefeitura informou que o secret\u00e1rio de Prote\u00e7\u00e3o e Defesa Civil, Gil Kempers, esteve no local junto com o Corpo de Bombeiros. De acordo com ele, as casas em \u00e1rea de risco foram interditadas em 2015 e n\u00e3o existem pessoas morando em \u00e1rea de risco no local.<\/p>\n\n\n\n<p>Na semana que vem, a Prefeitura vai enviar equipes das Secretarias de Defesa Civil e Obras para uma vistoria detalhada.<\/p>\n","protected":false},"excerpt":{"rendered":"<p>O corpo de Jer\u00f4nimo Mendes Filho, j\u00e1 sem vida, que estava num precip\u00edcio com profundidade<\/p>\n","protected":false},"author":2,"featured_media":48015,"comment_status":"open","ping_status":"open","sticky":false,"template":"","format":"standard","meta":{"footnotes":""},"categories":[12],"tags":[],"class_list":["post-48014","post","type-post","status-publish","format-standard","has-post-thumbnail","hentry","category-cidade"],"_links":{"self":[{"href":"https:\/\/tvc16.com\/portal\/wp-json\/wp\/v2\/posts\/48014","targetHints":{"allow":["GET"]}}],"collection":[{"href":"https:\/\/tvc16.com\/portal\/wp-json\/wp\/v2\/posts"}],"about":[{"href":"https:\/\/tvc16.com\/portal\/wp-json\/wp\/v2\/types\/post"}],"author":[{"embeddable":true,"href":"https:\/\/tvc16.com\/portal\/wp-json\/wp\/v2\/users\/2"}],"replies":[{"embeddable":true,"href":"https:\/\/tvc16.com\/portal\/wp-json\/wp\/v2\/comments?post=48014"}],"version-history":[{"count":2,"href":"https:\/\/tvc16.com\/portal\/wp-json\/wp\/v2\/posts\/48014\/revisions"}],"predecessor-version":[{"id":48019,"href":"https:\/\/tvc16.com\/portal\/wp-json\/wp\/v2\/posts\/48014\/revisions\/48019"}],"wp:featuredmedia":[{"embeddable":true,"href":"https:\/\/tvc16.com\/portal\/wp-json\/wp\/v2\/media\/48015"}],"wp:attachment":[{"href":"https:\/\/tvc16.com\/portal\/wp-json\/wp\/v2\/media?parent=48014"}],"wp:term":[{"taxonomy":"category","embeddable":true,"href":"https:\/\/tvc16.com\/portal\/wp-json\/wp\/v2\/categories?post=48014"},{"taxonomy":"post_tag","embeddable":true,"href":"https:\/\/tvc16.com\/portal\/wp-json\/wp\/v2\/tags?post=48014"}],"curies":[{"name":"wp","href":"https:\/\/api.w.org\/{rel}","templated":true}]}}