{"id":48028,"date":"2022-11-19T21:00:00","date_gmt":"2022-11-20T00:00:00","guid":{"rendered":"https:\/\/tvc16.com\/portal\/?p=48028"},"modified":"2022-11-19T20:46:20","modified_gmt":"2022-11-19T23:46:20","slug":"qatar-decide-pela-proibicao-do-consumo-de-cerveja-no-entorno-dos-estadios-da-copa","status":"publish","type":"post","link":"https:\/\/tvc16.com\/portal\/2022\/11\/19\/qatar-decide-pela-proibicao-do-consumo-de-cerveja-no-entorno-dos-estadios-da-copa\/","title":{"rendered":"Qatar decide pela proibi\u00e7\u00e3o do consumo de cerveja no entorno dos est\u00e1dios da Copa"},"content":{"rendered":"\n<p><em>Rodrigo Mattos &#8211; FolhaPress<\/em><\/p>\n\n\n\n<p>Uma escalada de conflitos internos e tens\u00e3o no Qatar nos dias anteriores levou \u00e0 proibi\u00e7\u00e3o de cerveja no entorno dos est\u00e1dios da Copa. O governo do pa\u00eds decidiu-se pelo veto a apenas dois dias do Mundial. A medida pegou a Fifa de surpresa e descumpriu acordos previstos para o torneio, embora o presidente da entidade, Gianni Infantino, diga que foi uma defini\u00e7\u00e3o em comum acordo.<br>O Qatar fez concess\u00f5es durante o per\u00edodo de prepara\u00e7\u00e3o para o Mundial em rela\u00e7\u00e3o \u00e0s leis do pa\u00eds. Foi dada a permiss\u00e3o de venda de \u00e1lcool nas Fan Fest. Ao mesmo tempo, foram dadas instru\u00e7\u00f5es para que n\u00e3o fosse incomodado quem fizesse protestos por direitos humanos ou da comunidade LGBTQIA+.<br>As medidas foram insuficientes para amenizar as cr\u00edticas da imprensa mundial, principalmente a europeia. Os temas das condi\u00e7\u00f5es de trabalho de imigrantes no Qatar e do respeito \u00e0 orienta\u00e7\u00e3o sexual continuaram a pautar boa parte da cobertura pr\u00e9via \u00e0 Copa.<br>Com as cr\u00edticas, houve um acirramento por parte de membros do governo do Qatar em contra-ataque \u00e0 m\u00eddia europeia. O ministro do trabalho qatari, Ali Din Smaikh Al Marri, afirmou que n\u00e3o aceitaria discurso de \u00f3dio e racismo contra o Qatar em novembro. Outro ministro de Rela\u00e7\u00f5es Exteriores, Mohammed Bin Abdulrahmabi Jassim Al Thani, rebateu o que seria arrog\u00e2ncia dos pa\u00edses europeus.<br>H\u00e1 a informa\u00e7\u00e3o na Fifa de que, em paralelo, houve uma disputa entre conservadores e mais progressistas dentro das autoridades qataris em rela\u00e7\u00e3o \u00e0s medidas pr\u00e9-Copa. A press\u00e3o interna cresceu por reduzir as concess\u00f5es feitas \u00e0 Fifa. O Emir Tamim Bin Hamad Al Thani optou por vetar a venda de bebidas que seria feita horas antes do jogo.<br>Nos dias anteriores, j\u00e1 havia outros sinais de uma escalada das tens\u00f5es do Qatar. Jornalistas que filmaram imagens nas ruas &#8211; algo que estava autorizado &#8211; foram abordados por seguran\u00e7as e orientados a apagar as imagens em diferentes pontos de Doha.<br>A Fifa foi pega de surpresa. Tanto que organizadores do Mundial tiveram de correr para mudar a programa\u00e7\u00e3o a dois dias da estreia do Mundial. A patrocinadora Budweiser, prejudicada, colocou mensagem no Twitter chamando a medida de embara\u00e7osa e, em seguida, a retirou.<br>Alinhado com o governo do Qatar, onde mora atualmente, Infantino logo minimizou o problema. Afirmou que a medida foi tomada de comum acordo entre a Fifa e o pa\u00eds e alegou problemas com o fluxo de torcedores s\u00f3 em uma cidade em Doha.<br>&#8220;Se essa \u00e9 a \u00fanica quest\u00e3o para Copa, eu vou assinar e ir para a praia. \u00c9 uma decis\u00e3o que foi tomada de forma conjunta entre Fifa e Qatar (o veto ao \u00e1lcool). Toda decis\u00e3o foi discutida. Haver\u00e1 espa\u00e7os Fan Fest onde podem comprar \u00e1lcool, [com capacidade para] at\u00e9 100 mil pessoas. Acho que, pessoalmente, se por tr\u00eas horas no dia voc\u00ea n\u00e3o pode beber, voc\u00ea vai sobreviver. N\u00f3s tentamos ver se era poss\u00edvel&#8221;, disse Infantino. &#8220;Quando voc\u00ea tem planos, e olha o fluxo das pessoas, a seguran\u00e7a, essa Copa \u00e9 diferente. Tem quatro jogos no mesmo dia. Temos que garantir que haver\u00e1 fluxo. Por isso, tivemos que tomar essa decis\u00e3o.&#8221;<br>Foi uma entrevista marcada pelo discurso de uma hora do presidente da Fifa em que repetiu o mantra dos governantes do pa\u00eds-sede de atribuir as cr\u00edticas ao pa\u00eds a ataques de europeus. Infantino, que \u00e9 su\u00ed\u00e7o, chama de hip\u00f3critas os europeus que fazem den\u00fancias contra o Qatar. N\u00e3o soou bem \u00e0 imprensa europeia, mas certamente gerou sorrisos entre os qatari.<\/p>\n","protected":false},"excerpt":{"rendered":"<p>Rodrigo Mattos &#8211; FolhaPress Uma escalada de conflitos internos e tens\u00e3o no Qatar nos dias<\/p>\n","protected":false},"author":2,"featured_media":48029,"comment_status":"open","ping_status":"open","sticky":false,"template":"","format":"standard","meta":{"footnotes":""},"categories":[21,18,19,22,17],"tags":[],"class_list":["post-48028","post","type-post","status-publish","format-standard","has-post-thumbnail","hentry","category-cultura","category-economia","category-educacao","category-internacional","category-outras-noticias"],"_links":{"self":[{"href":"https:\/\/tvc16.com\/portal\/wp-json\/wp\/v2\/posts\/48028","targetHints":{"allow":["GET"]}}],"collection":[{"href":"https:\/\/tvc16.com\/portal\/wp-json\/wp\/v2\/posts"}],"about":[{"href":"https:\/\/tvc16.com\/portal\/wp-json\/wp\/v2\/types\/post"}],"author":[{"embeddable":true,"href":"https:\/\/tvc16.com\/portal\/wp-json\/wp\/v2\/users\/2"}],"replies":[{"embeddable":true,"href":"https:\/\/tvc16.com\/portal\/wp-json\/wp\/v2\/comments?post=48028"}],"version-history":[{"count":1,"href":"https:\/\/tvc16.com\/portal\/wp-json\/wp\/v2\/posts\/48028\/revisions"}],"predecessor-version":[{"id":48030,"href":"https:\/\/tvc16.com\/portal\/wp-json\/wp\/v2\/posts\/48028\/revisions\/48030"}],"wp:featuredmedia":[{"embeddable":true,"href":"https:\/\/tvc16.com\/portal\/wp-json\/wp\/v2\/media\/48029"}],"wp:attachment":[{"href":"https:\/\/tvc16.com\/portal\/wp-json\/wp\/v2\/media?parent=48028"}],"wp:term":[{"taxonomy":"category","embeddable":true,"href":"https:\/\/tvc16.com\/portal\/wp-json\/wp\/v2\/categories?post=48028"},{"taxonomy":"post_tag","embeddable":true,"href":"https:\/\/tvc16.com\/portal\/wp-json\/wp\/v2\/tags?post=48028"}],"curies":[{"name":"wp","href":"https:\/\/api.w.org\/{rel}","templated":true}]}}