{"id":48035,"date":"2022-11-19T22:03:48","date_gmt":"2022-11-20T01:03:48","guid":{"rendered":"https:\/\/tvc16.com\/portal\/?p=48035"},"modified":"2022-11-19T22:03:48","modified_gmt":"2022-11-20T01:03:48","slug":"ix-petropolis-night-run-movimenta-a-noite-da-cidade","status":"publish","type":"post","link":"https:\/\/tvc16.com\/portal\/2022\/11\/19\/ix-petropolis-night-run-movimenta-a-noite-da-cidade\/","title":{"rendered":"IX Petr\u00f3polis Night Run\u00a0movimenta a noite da cidade"},"content":{"rendered":"\n<p>A largada da 9\u00aa edi\u00e7\u00e3o da Petr\u00f3polis Night Run \u2013 Etapa Copa do Mundo, aconteceu na noite deste s\u00e1bado, 19, \u00e0s 20h30, na Pra\u00e7a da \u00c1guia e reuniu centenas de participantes.<\/p>\n\n\n\n<p>O percurso seguiu pela rua do Imperador, Raul de Leoni, Avenida Ipiranga, 13 de Maio, Bar\u00e3o do Rio Branco, Piabanha at\u00e9 o Pal\u00e1cio de Cristal, 7 de Abril, retornando \u00e0 Pra\u00e7a da \u00c1guia e foi disputada em duas modalidades: 10 km e 5km. A idade m\u00ednima para inscri\u00e7\u00e3o foi de 18 anos, mas menores de 16 anos puderam participar munidos de autoriza\u00e7\u00e3o dos respons\u00e1veis.<\/p>\n\n\n\n<p>A organiza\u00e7\u00e3o ofereceu banheiros qu\u00edmicos, guarda-volumes, mesas de frutas, tendas para as equipes e suporte m\u00e9dico para socorro r\u00e1pido, al\u00e9m de 4 postos de hidrata\u00e7\u00e3o. A seguran\u00e7a foi feita pelos \u00f3rg\u00e3os competentes.<\/p>\n\n\n\n<p>A primeira largada foi espec\u00edfica para os participantes com necessidades especiais e, na sequ\u00eancia, os demais participantes.<\/p>\n","protected":false},"excerpt":{"rendered":"<p>A largada da 9\u00aa edi\u00e7\u00e3o da Petr\u00f3polis Night Run \u2013 Etapa Copa do Mundo, aconteceu<\/p>\n","protected":false},"author":2,"featured_media":48036,"comment_status":"open","ping_status":"open","sticky":false,"template":"","format":"standard","meta":{"footnotes":""},"categories":[12,21,264,19,20],"tags":[],"class_list":["post-48035","post","type-post","status-publish","format-standard","has-post-thumbnail","hentry","category-cidade","category-cultura","category-destaque","category-educacao","category-esporte"],"_links":{"self":[{"href":"https:\/\/tvc16.com\/portal\/wp-json\/wp\/v2\/posts\/48035","targetHints":{"allow":["GET"]}}],"collection":[{"href":"https:\/\/tvc16.com\/portal\/wp-json\/wp\/v2\/posts"}],"about":[{"href":"https:\/\/tvc16.com\/portal\/wp-json\/wp\/v2\/types\/post"}],"author":[{"embeddable":true,"href":"https:\/\/tvc16.com\/portal\/wp-json\/wp\/v2\/users\/2"}],"replies":[{"embeddable":true,"href":"https:\/\/tvc16.com\/portal\/wp-json\/wp\/v2\/comments?post=48035"}],"version-history":[{"count":1,"href":"https:\/\/tvc16.com\/portal\/wp-json\/wp\/v2\/posts\/48035\/revisions"}],"predecessor-version":[{"id":48037,"href":"https:\/\/tvc16.com\/portal\/wp-json\/wp\/v2\/posts\/48035\/revisions\/48037"}],"wp:featuredmedia":[{"embeddable":true,"href":"https:\/\/tvc16.com\/portal\/wp-json\/wp\/v2\/media\/48036"}],"wp:attachment":[{"href":"https:\/\/tvc16.com\/portal\/wp-json\/wp\/v2\/media?parent=48035"}],"wp:term":[{"taxonomy":"category","embeddable":true,"href":"https:\/\/tvc16.com\/portal\/wp-json\/wp\/v2\/categories?post=48035"},{"taxonomy":"post_tag","embeddable":true,"href":"https:\/\/tvc16.com\/portal\/wp-json\/wp\/v2\/tags?post=48035"}],"curies":[{"name":"wp","href":"https:\/\/api.w.org\/{rel}","templated":true}]}}