{"id":48054,"date":"2022-11-20T16:18:45","date_gmt":"2022-11-20T19:18:45","guid":{"rendered":"https:\/\/tvc16.com\/portal\/?p=48054"},"modified":"2022-11-20T16:18:45","modified_gmt":"2022-11-20T19:18:45","slug":"qatar-faz-abertura-da-copa-com-discurso-de-inclusao-e-diversidade","status":"publish","type":"post","link":"https:\/\/tvc16.com\/portal\/2022\/11\/20\/qatar-faz-abertura-da-copa-com-discurso-de-inclusao-e-diversidade\/","title":{"rendered":"Qatar faz abertura da Copa com discurso de inclus\u00e3o e diversidade"},"content":{"rendered":"\n<p>Sandro Macedo &#8211; FolhaPress<\/p>\n\n\n\n<p>Agora \u00e9 oficial. Temos Copa. A cerim\u00f4nia de abertura realizada no Qatar, primeiro pa\u00eds do Oriente M\u00e9dio a sediar o Mundial, varreu para baixo do tapete seu hist\u00f3rico de viola\u00e7\u00e3o dos direitos humanos, pregando valores como inclus\u00e3o e diversidade em uma cerim\u00f4nia grandiosa, com direito a narra\u00e7\u00e3o (presencial) do ator americano Morgan Freeman. A cerim\u00f4nia durou cerca de 30 minutos no est\u00e1dio Al Bayt, com capacidade para 60 mil pessoas, que vai receber nove jogos na Copa e uma das semifinais.<\/p>\n\n\n\n<figure class=\"wp-block-image size-large\"><img loading=\"lazy\" decoding=\"async\" width=\"1024\" height=\"512\" src=\"https:\/\/tvc16.com\/portal\/wp-content\/uploads\/2022\/11\/376473-cores-discursos-e-morgan-freeman-marcam-abertura-da-copa-do-mundo-1024x512.jpg\" alt=\"\" class=\"wp-image-48056\" srcset=\"https:\/\/tvc16.com\/portal\/wp-content\/uploads\/2022\/11\/376473-cores-discursos-e-morgan-freeman-marcam-abertura-da-copa-do-mundo-1024x512.jpg 1024w, https:\/\/tvc16.com\/portal\/wp-content\/uploads\/2022\/11\/376473-cores-discursos-e-morgan-freeman-marcam-abertura-da-copa-do-mundo-300x150.jpg 300w, https:\/\/tvc16.com\/portal\/wp-content\/uploads\/2022\/11\/376473-cores-discursos-e-morgan-freeman-marcam-abertura-da-copa-do-mundo-768x384.jpg 768w, https:\/\/tvc16.com\/portal\/wp-content\/uploads\/2022\/11\/376473-cores-discursos-e-morgan-freeman-marcam-abertura-da-copa-do-mundo-1536x768.jpg 1536w, https:\/\/tvc16.com\/portal\/wp-content\/uploads\/2022\/11\/376473-cores-discursos-e-morgan-freeman-marcam-abertura-da-copa-do-mundo.jpg 1600w\" sizes=\"auto, (max-width: 1024px) 100vw, 1024px\" \/><figcaption class=\"wp-element-caption\">Momentos da Abertura da Copa do Mundo 2022 &#8211; Qatar &#8211; REUTERS\/Dylan Martinez<\/figcaption><\/figure>\n\n\n\n<p><br>Do ponto de vista t\u00e9cnico foi superior \u00e0s recentes aberturas da Copa de 2018, na R\u00fassia, que durou cerca de 15 minutos, e a da Copa-2014, no Brasil, que teve at\u00e9 core\u00f3grafa chamada em cima da hora.<\/p>\n\n\n\n<p><br>A festa qatariana apelou \u00e0 mem\u00f3ria afetiva de torcedores, com mascotes de todas as Copas e medley com os principais hits, incluindo &#8220;Waka Waka&#8221;, sucesso de Shakira em 2010, e &#8220;The Cup of Life&#8221;, com Ricky Martin, tema do Mundial de 1998.<\/p>\n\n\n\n<figure class=\"wp-block-image size-full\"><img loading=\"lazy\" decoding=\"async\" width=\"771\" height=\"420\" src=\"https:\/\/tvc16.com\/portal\/wp-content\/uploads\/2022\/11\/fuleco-na-abertura-da-copa-20112022123748278.jpeg\" alt=\"\" class=\"wp-image-48057\" srcset=\"https:\/\/tvc16.com\/portal\/wp-content\/uploads\/2022\/11\/fuleco-na-abertura-da-copa-20112022123748278.jpeg 771w, https:\/\/tvc16.com\/portal\/wp-content\/uploads\/2022\/11\/fuleco-na-abertura-da-copa-20112022123748278-300x163.jpeg 300w, https:\/\/tvc16.com\/portal\/wp-content\/uploads\/2022\/11\/fuleco-na-abertura-da-copa-20112022123748278-768x418.jpeg 768w\" sizes=\"auto, (max-width: 771px) 100vw, 771px\" \/><figcaption class=\"wp-element-caption\">Mascotes de Copas anteriores, entre eles o nosso Fuleco.<\/figcaption><\/figure>\n\n\n\n<p><br>Shakira chegou a ser convidada para a cerim\u00f4nia, mas, assim como outros astros da m\u00fasica, declinou o convite -juntando-se a Dua Lipa e Rod Stewart.<br><br>Camisas de 2 metros de altura de todas as sele\u00e7\u00f5es desfilaram no campo, deixando em destaque as duas equipes que abririam o Mundial, Qatar e Equador.<br>Antes do final, houve tempo para o astro do k-pop Jung Kook, integrante do grupo sul-coreano BTS, apresentar uma das m\u00fasicas do Mundial, &#8220;Dreamers&#8221;, ao lado do cantor qatari Fahad Al-Kubaisi. O hit traz versos como &#8220;respeitar o amor \u00e9 o \u00fanico jeito&#8221;, &#8220;as portas estar\u00e3o sempre abertas&#8221;, &#8220;n\u00f3s somos os sonhadores, faremos acontecer porque podemos enxergar isso&#8221;.<\/p>\n\n\n\n<p><br>Por\u00e9m, &#8220;Light the Sky&#8221;, outra m\u00fasica oficial para o Mundial, com quatro mulheres de origem \u00e1rabe no comando, ficou fora da abertura.<br>O foco na diversidade tamb\u00e9m se fez presente no discurso do emir Tamim bin Hamad al-Thani. &#8220;Recebemos a todos de bra\u00e7os abertos na Copa do Mundo 2022&#8221;, disse.<br>Ele tamb\u00e9m falou que a festa \u00e9 um espa\u00e7o para &#8220;di\u00e1logo e civiliza\u00e7\u00e3o&#8221;. &#8220;As pessoas, por mais que sejam de culturas, nacionalidades e orienta\u00e7\u00f5es diferentes, v\u00e3o se reunir aqui no Qatar. Que beleza juntar essas diferen\u00e7as todas.&#8221;<\/p>\n\n\n\n<p><br>Durante a prepara\u00e7\u00e3o para a Copa, o Qatar foi inundado de cr\u00edticas pelo tratamento dado \u00e0s mulheres, pelas leis que criminalizam a comunidade LGBTQIA+ e pelos direitos trabalhistas restritos.<\/p>\n","protected":false},"excerpt":{"rendered":"<p>Sandro Macedo &#8211; FolhaPress Agora \u00e9 oficial. Temos Copa. A cerim\u00f4nia de abertura realizada no<\/p>\n","protected":false},"author":2,"featured_media":48055,"comment_status":"open","ping_status":"open","sticky":false,"template":"","format":"standard","meta":{"footnotes":""},"categories":[20,22,17],"tags":[],"class_list":["post-48054","post","type-post","status-publish","format-standard","has-post-thumbnail","hentry","category-esporte","category-internacional","category-outras-noticias"],"_links":{"self":[{"href":"https:\/\/tvc16.com\/portal\/wp-json\/wp\/v2\/posts\/48054","targetHints":{"allow":["GET"]}}],"collection":[{"href":"https:\/\/tvc16.com\/portal\/wp-json\/wp\/v2\/posts"}],"about":[{"href":"https:\/\/tvc16.com\/portal\/wp-json\/wp\/v2\/types\/post"}],"author":[{"embeddable":true,"href":"https:\/\/tvc16.com\/portal\/wp-json\/wp\/v2\/users\/2"}],"replies":[{"embeddable":true,"href":"https:\/\/tvc16.com\/portal\/wp-json\/wp\/v2\/comments?post=48054"}],"version-history":[{"count":1,"href":"https:\/\/tvc16.com\/portal\/wp-json\/wp\/v2\/posts\/48054\/revisions"}],"predecessor-version":[{"id":48058,"href":"https:\/\/tvc16.com\/portal\/wp-json\/wp\/v2\/posts\/48054\/revisions\/48058"}],"wp:featuredmedia":[{"embeddable":true,"href":"https:\/\/tvc16.com\/portal\/wp-json\/wp\/v2\/media\/48055"}],"wp:attachment":[{"href":"https:\/\/tvc16.com\/portal\/wp-json\/wp\/v2\/media?parent=48054"}],"wp:term":[{"taxonomy":"category","embeddable":true,"href":"https:\/\/tvc16.com\/portal\/wp-json\/wp\/v2\/categories?post=48054"},{"taxonomy":"post_tag","embeddable":true,"href":"https:\/\/tvc16.com\/portal\/wp-json\/wp\/v2\/tags?post=48054"}],"curies":[{"name":"wp","href":"https:\/\/api.w.org\/{rel}","templated":true}]}}