{"id":48059,"date":"2022-11-20T16:44:44","date_gmt":"2022-11-20T19:44:44","guid":{"rendered":"https:\/\/tvc16.com\/portal\/?p=48059"},"modified":"2022-11-20T16:44:45","modified_gmt":"2022-11-20T19:44:45","slug":"equador-vence-o-qatar-em-jogo-de-abertura-da-copa","status":"publish","type":"post","link":"https:\/\/tvc16.com\/portal\/2022\/11\/20\/equador-vence-o-qatar-em-jogo-de-abertura-da-copa\/","title":{"rendered":"Equador vence o Qatar em jogo de abertura da Copa"},"content":{"rendered":"\n<p>Alex Sabino, Gabriela Bil\u00f3, LucianoTrindade e Victoria Damasceno \u2013 Folha Press<\/p>\n\n\n\n<p>A abertura da Copa do Mundo, no est\u00e1dio Al Bayt, em Al Khor, neste domingo, 20, foi palco do jogo entre Equador e Qatar. Com um p\u00fablico de 67.372 torcedores, o Equador venceu com facilidade o Qatar por 2 a 0, com gols de Enner Valencia, aos 16 e aos 31 minutos do primeiro tempo. <\/p>\n\n\n\n<p>Enner Valencia, 33 anos, colocou seu nome na hist\u00f3ria, chegando aos cinco gols em Copas e se tornou o maior artilheiro equatoriano na competi\u00e7\u00e3o. Ele \u00e9 remanescente do time eliminado na fase de grupos em 2014. <\/p>\n\n\n\n<p>Comemorar gols no Mundial de 2022 \u00e9 uma mudan\u00e7a e tanto para o atacante que, h\u00e1 seis anos, durante as Eliminat\u00f3rias, protagonizou uma das cenas mais inusitadas j\u00e1 vistas no futebol de sele\u00e7\u00f5es. Em partida contra o Chile, simulou uma contus\u00e3o para ser retirado de maca e n\u00e3o acabar preso pelo n\u00e3o pagamento de pens\u00e3o aliment\u00edcia. Foi levado para o vesti\u00e1rio perseguido por oficiais. <\/p>\n\n\n\n<p>Valencia depois se queixaria do comportamento da ex-mulher e afirmaria que o processo era retalia\u00e7\u00e3o por ter pedido a guarda da filha. Parecia ent\u00e3o que sua carreira com a camisa do Equador estava encerrada. Mas na abertura da Copa do Qatar ele foi o astro em campo. <\/p>\n\n\n\n<p>E o placar poderia ter sido ainda maior, caso o VAR, operado por oito pessoas (entre encarregados pelo sistema, assistentes e reservas) n\u00e3o tivesse sinalizado impedimento aos dois minutos, quando o artilheiro completou de cabe\u00e7a ap\u00f3s falha do goleiro Al-Sheeb.<\/p>\n\n\n\n<p>O \u00e1rbitro italiano Daniele Orsato confirmou a pol\u00eamica marca\u00e7\u00e3o da equipe de v\u00eddeo. A controv\u00e9rsia n\u00e3o atrapalhou o Equador por causa da fragilidade do Qatar. O time da casa criou apenas uma oportunidade, no final do primeiro tempo, cabeceio para fora por Almoez Ali. O jogo era t\u00e3o tranquilo para os sul-americanos que sua torcida come\u00e7ou a puxar uma ola ainda antes do intervalo.<\/p>\n\n\n\n<p>At\u00e9 parte dos apoiadores do Qatar desistiu da equipe na etapa final. Os lugares vazios aumentaram ap\u00f3s o intervalo, especialmente nas cadeiras centrais baixas, as mais caras. O setor que mais cantava pelos \u00e1rabes, atr\u00e1s de um dos gols, perdeu quase a metade do n\u00famero de torcedores entre um tempo e outro.<\/p>\n\n\n\n<p>Se o Qatar, como divulgado, tinha um plano para montar uma sele\u00e7\u00e3o forte para disputar a Copa de 2022, este falhou. Seu principal jogador, o atacante Akram Afif, pouco apareceu durante os 90 minutos. \u00c0 beira do campo, o t\u00e9cnico espanhol F\u00e9lix Sanchez n\u00e3o sabia o que fazer. O Equador chegou a dar a bola para o rival, \u00e0 espera da chance de contra-atacar, mas esta n\u00e3o veio porque os qatarianos n\u00e3o conseguiam trocar passes ou concatenar jogadas ofensivas.<\/p>\n\n\n\n<p>O Qatar protagonizou marca negativa. Jamais um pa\u00eds anfitri\u00e3o havia perdido na estreia na Copa do Mundo. \u00c9 a primeira participa\u00e7\u00e3o do time no torneio, classificado apenas pela vaga autom\u00e1tica dada ao pa\u00eds-sede.<\/p>\n\n\n\n<p>Mas pelo menos serviu para a reden\u00e7\u00e3o de Valencia em jogos de Mundial depois de quase ter sido preso em 2016. Substitu\u00eddo a 15 minutos do fim, ele saiu mancando e aplaudido tamb\u00e9m por alguns torcedores advers\u00e1rios.<\/p>\n\n\n\n<p>P\u00fablico: 67.372 torcedores<br>\u00c1rbitro: Daniele Orsato (It\u00e1lia)<br>Assistentes: Ciro Carbone e Alessandro Giallatini<br>Cart\u00f5es amarelos: Al Sheeb, Almoez Ali e Karim Boudiaf (QAT); Caicedo E M\u00e9ndez (EQU)<br>Gols: Enner Valencia (EQU), aos 16&#8242; e aos 31&#8242; do primeiro tempo<\/p>\n","protected":false},"excerpt":{"rendered":"<p>Alex Sabino, Gabriela Bil\u00f3, LucianoTrindade e Victoria Damasceno \u2013 Folha Press A abertura da Copa<\/p>\n","protected":false},"author":2,"featured_media":48060,"comment_status":"open","ping_status":"open","sticky":false,"template":"","format":"standard","meta":{"footnotes":""},"categories":[20,22],"tags":[],"class_list":["post-48059","post","type-post","status-publish","format-standard","has-post-thumbnail","hentry","category-esporte","category-internacional"],"_links":{"self":[{"href":"https:\/\/tvc16.com\/portal\/wp-json\/wp\/v2\/posts\/48059","targetHints":{"allow":["GET"]}}],"collection":[{"href":"https:\/\/tvc16.com\/portal\/wp-json\/wp\/v2\/posts"}],"about":[{"href":"https:\/\/tvc16.com\/portal\/wp-json\/wp\/v2\/types\/post"}],"author":[{"embeddable":true,"href":"https:\/\/tvc16.com\/portal\/wp-json\/wp\/v2\/users\/2"}],"replies":[{"embeddable":true,"href":"https:\/\/tvc16.com\/portal\/wp-json\/wp\/v2\/comments?post=48059"}],"version-history":[{"count":1,"href":"https:\/\/tvc16.com\/portal\/wp-json\/wp\/v2\/posts\/48059\/revisions"}],"predecessor-version":[{"id":48061,"href":"https:\/\/tvc16.com\/portal\/wp-json\/wp\/v2\/posts\/48059\/revisions\/48061"}],"wp:featuredmedia":[{"embeddable":true,"href":"https:\/\/tvc16.com\/portal\/wp-json\/wp\/v2\/media\/48060"}],"wp:attachment":[{"href":"https:\/\/tvc16.com\/portal\/wp-json\/wp\/v2\/media?parent=48059"}],"wp:term":[{"taxonomy":"category","embeddable":true,"href":"https:\/\/tvc16.com\/portal\/wp-json\/wp\/v2\/categories?post=48059"},{"taxonomy":"post_tag","embeddable":true,"href":"https:\/\/tvc16.com\/portal\/wp-json\/wp\/v2\/tags?post=48059"}],"curies":[{"name":"wp","href":"https:\/\/api.w.org\/{rel}","templated":true}]}}