{"id":48069,"date":"2022-11-20T19:00:00","date_gmt":"2022-11-20T22:00:00","guid":{"rendered":"https:\/\/tvc16.com\/portal\/?p=48069"},"modified":"2022-11-20T18:38:33","modified_gmt":"2022-11-20T21:38:33","slug":"enem-tem-questoes-sobre-covid-no-segundo-dia-de-provas","status":"publish","type":"post","link":"https:\/\/tvc16.com\/portal\/2022\/11\/20\/enem-tem-questoes-sobre-covid-no-segundo-dia-de-provas\/","title":{"rendered":"Enem tem quest\u00f5es sobre Covid no segundo dia de provas"},"content":{"rendered":"\n<p>Isabela Palhares e Paulo Saldanha &#8211; FolhaPress <\/p>\n\n\n\n<p>O segundo dia de provas do Enem trouxe quest\u00f5es sobre a Covid-19. Neste domingo (20), os candidatos responderam a 90 perguntas das \u00e1reas de ci\u00eancias da natureza e matem\u00e1tica.<br>Professores de cursinho que fizeram a prova disseram que duas quest\u00f5es abordaram temas relacionados \u00e0 Covid. Uma delas falava sobre como \u00e9 o procedimento do PCR, exame utilizado para identificar a presen\u00e7a do v\u00edrus.<br>Outra quest\u00e3o tratava do uso de oz\u00f4nio como desinfetante para ambientes contra a Covid.<br>Apesar dessas duas quest\u00f5es tratarem sobre uma situa\u00e7\u00e3o recente vivida pelo pa\u00eds, os professores destacaram que a maioria das perguntas trouxe textos de apoio mais antigos, algumas com dados at\u00e9 mesmo de 2012.<br>&#8220;Os textos em sua maioria bastante antigos. Tinham poucos textos adaptados de 2020 pra c\u00e1, em sua maioria eram perguntas com textos que j\u00e1 t\u00eam mais de uma d\u00e9cada de publica\u00e7\u00e3o. Da\u00ed o vi\u00e9s mais t\u00e9cnico visto na prova&#8221;, disse o professor Vinicius Haidar, do SAS Plataforma de Educa\u00e7\u00e3o.<br>O professor Giba Alvarez, do Cursinho da Poli, disse que os estudantes encontraram uma prova trabalhosa, de m\u00e9dia complexidade, com uma elabora\u00e7\u00e3o eficiente para avaliar o ensino m\u00e9dio e selecionar para o ensino superior. Alvarez tamb\u00e9m ressalta a presen\u00e7a da pandemia na prova.<br>&#8220;Este Enem que termina agora mostra que o Inep [\u00f3rg\u00e3o respons\u00e1vel pelo exame] de fato olha para o futuro e n\u00e3o esqueceu de temas que inclusive incomodam o bolsonarismo. A pandemia caiu de uma maneira muito inteligente&#8221;, disse ele.<br>A Covid-19 foi abordada em quest\u00f5es de biologia e tamb\u00e9m de matem\u00e1tica, com a pandemia no contexto dos itens.<br>&#8220;N\u00e3o \u00e9 uma prova solta no tempo e no espa\u00e7o, com conte\u00fados atuais e atrelados \u00e0 Base Nacional Comum Curricular.&#8221;<\/p>\n","protected":false},"excerpt":{"rendered":"<p>Isabela Palhares e Paulo Saldanha &#8211; FolhaPress O segundo dia de provas do Enem trouxe<\/p>\n","protected":false},"author":2,"featured_media":48070,"comment_status":"open","ping_status":"open","sticky":false,"template":"","format":"standard","meta":{"footnotes":""},"categories":[264,19,17],"tags":[],"class_list":["post-48069","post","type-post","status-publish","format-standard","has-post-thumbnail","hentry","category-destaque","category-educacao","category-outras-noticias"],"_links":{"self":[{"href":"https:\/\/tvc16.com\/portal\/wp-json\/wp\/v2\/posts\/48069","targetHints":{"allow":["GET"]}}],"collection":[{"href":"https:\/\/tvc16.com\/portal\/wp-json\/wp\/v2\/posts"}],"about":[{"href":"https:\/\/tvc16.com\/portal\/wp-json\/wp\/v2\/types\/post"}],"author":[{"embeddable":true,"href":"https:\/\/tvc16.com\/portal\/wp-json\/wp\/v2\/users\/2"}],"replies":[{"embeddable":true,"href":"https:\/\/tvc16.com\/portal\/wp-json\/wp\/v2\/comments?post=48069"}],"version-history":[{"count":1,"href":"https:\/\/tvc16.com\/portal\/wp-json\/wp\/v2\/posts\/48069\/revisions"}],"predecessor-version":[{"id":48071,"href":"https:\/\/tvc16.com\/portal\/wp-json\/wp\/v2\/posts\/48069\/revisions\/48071"}],"wp:featuredmedia":[{"embeddable":true,"href":"https:\/\/tvc16.com\/portal\/wp-json\/wp\/v2\/media\/48070"}],"wp:attachment":[{"href":"https:\/\/tvc16.com\/portal\/wp-json\/wp\/v2\/media?parent=48069"}],"wp:term":[{"taxonomy":"category","embeddable":true,"href":"https:\/\/tvc16.com\/portal\/wp-json\/wp\/v2\/categories?post=48069"},{"taxonomy":"post_tag","embeddable":true,"href":"https:\/\/tvc16.com\/portal\/wp-json\/wp\/v2\/tags?post=48069"}],"curies":[{"name":"wp","href":"https:\/\/api.w.org\/{rel}","templated":true}]}}