{"id":48076,"date":"2022-11-21T09:00:00","date_gmt":"2022-11-21T12:00:00","guid":{"rendered":"https:\/\/tvc16.com\/portal\/?p=48076"},"modified":"2022-11-20T21:19:50","modified_gmt":"2022-11-21T00:19:50","slug":"prorrogado-o-censo-previdenciario-dos-servidores-ativos-aposentados-e-pensionistas-do-municipio-de-teresopolis","status":"publish","type":"post","link":"https:\/\/tvc16.com\/portal\/2022\/11\/21\/prorrogado-o-censo-previdenciario-dos-servidores-ativos-aposentados-e-pensionistas-do-municipio-de-teresopolis\/","title":{"rendered":"Prorrogado o censo previdenci\u00e1rio dos servidores\u00a0ativos, aposentados e pensionistas do Munic\u00edpio de Teres\u00f3polis"},"content":{"rendered":"\n<p>O primeiro Censo Previdenci\u00e1rio dos servidores municipais efetivos, dos aposentados e pensionistas da Prefeitura de Teres\u00f3polis e da C\u00e2mara Municipal teve o seu prazo prorrogado. De acordo com comunicado do Tereprev (Instituto de Previd\u00eancia dos Servidores P\u00fablicos Municipais de Teres\u00f3polis), o atendimento segue at\u00e9 o dia 02 de dezembro, de segunda a sexta, das 8h \u00e0s 17h, na sede do instituto (Avenida L\u00facio Meira, 375, sala 105, na V\u00e1rzea \u2013 pr\u00e9dio do antigo F\u00f3rum).<\/p>\n\n\n\n<p>Obrigat\u00f3rio pela Lei Federal 10.887\/2004 e o Decreto Municipal 5.825\/2022, o censo previdenci\u00e1rio atende a determina\u00e7\u00e3o do Tribunal de Contas do Estado do Rio de Janeiro (TCE-RJ) e tem como objetivo atualizar as informa\u00e7\u00f5es cadastrais, funcionais e financeiras dos funcion\u00e1rios p\u00fablicos que s\u00e3o benefici\u00e1rios do Regime Pr\u00f3prio de Previd\u00eancia do Munic\u00edpio e de seus dependentes. Quem n\u00e3o fizer a atualiza\u00e7\u00e3o ter\u00e1 o pagamento retido at\u00e9 regularizar a sua situa\u00e7\u00e3o.<\/p>\n\n\n\n<p>O servidor ativo, aposentado ou pensionista poder\u00e1 ser representado por procurador, desde que munido de documento lavrado em cart\u00f3rio competente, com poderes espec\u00edficos para sua representa\u00e7\u00e3o junto \u00e0 administra\u00e7\u00e3o p\u00fablica municipal de Teres\u00f3polis. Quem mora fora do Estado do Rio de Janeiro poder\u00e1 requerer o envio do formul\u00e1rio do censo previdenci\u00e1rio por via postal ou por correio eletr\u00f4nico, devendo encaminh\u00e1-lo ao Tereprev por meio de carta registrada, assinado e com firma reconhecida em cart\u00f3rio por autenticidade, juntamente com os documentos conforme sua situa\u00e7\u00e3o no I nstituto.<\/p>\n\n\n\n<p><strong>Documentos originais<\/strong>&nbsp;a serem apresentados pelos&nbsp;<strong><u>SERVIDORES ATIVOS<\/u><\/strong>:<\/p>\n\n\n\n<p>&#8211; C\u00e9dula de Identidade ou outro documento oficial com fotografia e CPF;<\/p>\n\n\n\n<p>&#8211; T\u00edtulo de Eleitor;<\/p>\n\n\n\n<p>&#8211; PASEP;<\/p>\n\n\n\n<p>&#8211; Comprovante de Resid\u00eancia atualizado (conta de luz, \u00e1gua ou telefone);<\/p>\n\n\n\n<p>&#8211; Carteira Profissional de Trabalho e\/ou CNIS\u00a0(Cadastro Nacional de Informa\u00e7\u00f5es Sociais)\u00a0emitido pelo SITE:\u00a0<a rel=\"noreferrer noopener\" href=\"https:\/\/meu.inss.gov.br\/\" target=\"_blank\">meu.inss.gov.br<\/a><\/p>\n\n\n\n<p>&#8211; \u00daltimo contracheque;<\/p>\n\n\n\n<p>&#8211; Outros documentos que comprovem tempo de servi\u00e7o e\/ou contribui\u00e7\u00e3o antes da posse do cargo no Munic\u00edpio, (<strong>caso tenha<\/strong>);<\/p>\n\n\n\n<p>&#8211; Certificado de Reservista obrigat\u00f3rio para homens at\u00e9 45 anos;<\/p>\n\n\n\n<p>&#8211; Carteira Nacional de Habilita\u00e7\u00e3o (somente para&nbsp;<strong>motoristas efetivos<\/strong>).<\/p>\n\n\n\n<p><strong>Documentos originais<\/strong>&nbsp;a serem apresentados pelos servidores<strong>&nbsp;<u>APOSENTADOS<\/u>:<\/strong><\/p>\n\n\n\n<p>&#8211; C\u00e9dula de Identidade ou outro documento oficial com fotografia e CPF;<\/p>\n\n\n\n<p>&#8211; T\u00edtulo de Eleitor;<\/p>\n\n\n\n<p>&#8211; PASEP;<\/p>\n\n\n\n<p>&#8211; Comprovante de Resid\u00eancia atualizado (conta de luz, \u00e1gua ou telefone);<\/p>\n\n\n\n<p>&#8211; \u00daltimo contracheque.<\/p>\n\n\n\n<p><strong>Documentos originais<\/strong>&nbsp;a serem apresentados pelos&nbsp;<strong><u>PENSIONISTAS:<\/u><\/strong><\/p>\n\n\n\n<p><strong>&#8211;&nbsp;<\/strong>C\u00e9dula de Identidade ou outro documento oficial com fotografia e CPF;<\/p>\n\n\n\n<p>&#8211; T\u00edtulo de Eleitor;<\/p>\n\n\n\n<p>&#8211; PASEP;<\/p>\n\n\n\n<p>&#8211; Comprovante de resid\u00eancia atualizado (conta de luz, \u00e1gua ou telefone);<\/p>\n\n\n\n<p>&#8211; \u00daltimo contracheque.<\/p>\n\n\n\n<p>Todos os<strong>&nbsp;<u>servidores e pensionistas que possu\u00edrem dependentes<\/u><\/strong>&nbsp;dever\u00e3o apresentar os seguintes documentos, conforme o caso:<\/p>\n\n\n\n<p>I &#8211;&nbsp;<strong>C\u00f4njuge<\/strong>: Certid\u00e3o de Casamento, RG e CPF;<\/p>\n\n\n\n<p>II &#8211;&nbsp;<strong>Companheiro ou companheira<\/strong>: Declara\u00e7\u00e3o de Uni\u00e3o Est\u00e1vel firmada pelo pr\u00f3prio servidor ou Escritura P\u00fablica Declarat\u00f3ria de Uni\u00e3o Est\u00e1vel, RG e CPF;<\/p>\n\n\n\n<p>III &#8211;&nbsp;<strong>Filho ou equiparado menor de 18 (dezoito) anos<\/strong>: Certid\u00e3o de Nascimento e\/ou RG e CPF;<\/p>\n\n\n\n<p>IV &#8211;&nbsp;<strong>Filho inv\u00e1lido ou incapaz<\/strong>: Certid\u00e3o de Nascimento e\/ou RG, CPF e declara\u00e7\u00e3o ou laudo m\u00e9dico atestando a incapacidade ou invalidez;<\/p>\n\n\n\n<p>V &#8211;<strong>Menor sob tutela<\/strong>: Certid\u00e3o de Nascimento e\/ou RG, CPF e o Termo Judicial de Tutela;<\/p>\n\n\n\n<p>VI &#8211;&nbsp;<strong>Ex-c\u00f4njuge ou ex-companheiro<\/strong>&nbsp;<strong>com pens\u00e3o aliment\u00edcia por determina\u00e7\u00e3o judicial<\/strong>: declara\u00e7\u00e3o do pr\u00f3prio servidor que \u00e9 devedor de pens\u00e3o aliment\u00edcia;<\/p>\n\n\n\n<p>VII &#8211;&nbsp;<strong>Pais sem renda pr\u00f3pria<\/strong>: RG, CPF e declara\u00e7\u00e3o firmada pelo pr\u00f3prio servidor, sob as penas da Lei, de que o pai ou a m\u00e3e, ou ambos, n\u00e3o possuem rendimentos pr\u00f3prios de qualquer natureza.<\/p>\n","protected":false},"excerpt":{"rendered":"<p>O primeiro Censo Previdenci\u00e1rio dos servidores municipais efetivos, dos aposentados e pensionistas da Prefeitura de<\/p>\n","protected":false},"author":2,"featured_media":48077,"comment_status":"open","ping_status":"open","sticky":false,"template":"","format":"standard","meta":{"footnotes":""},"categories":[18,17,15],"tags":[],"class_list":["post-48076","post","type-post","status-publish","format-standard","has-post-thumbnail","hentry","category-economia","category-outras-noticias","category-politica"],"_links":{"self":[{"href":"https:\/\/tvc16.com\/portal\/wp-json\/wp\/v2\/posts\/48076","targetHints":{"allow":["GET"]}}],"collection":[{"href":"https:\/\/tvc16.com\/portal\/wp-json\/wp\/v2\/posts"}],"about":[{"href":"https:\/\/tvc16.com\/portal\/wp-json\/wp\/v2\/types\/post"}],"author":[{"embeddable":true,"href":"https:\/\/tvc16.com\/portal\/wp-json\/wp\/v2\/users\/2"}],"replies":[{"embeddable":true,"href":"https:\/\/tvc16.com\/portal\/wp-json\/wp\/v2\/comments?post=48076"}],"version-history":[{"count":1,"href":"https:\/\/tvc16.com\/portal\/wp-json\/wp\/v2\/posts\/48076\/revisions"}],"predecessor-version":[{"id":48078,"href":"https:\/\/tvc16.com\/portal\/wp-json\/wp\/v2\/posts\/48076\/revisions\/48078"}],"wp:featuredmedia":[{"embeddable":true,"href":"https:\/\/tvc16.com\/portal\/wp-json\/wp\/v2\/media\/48077"}],"wp:attachment":[{"href":"https:\/\/tvc16.com\/portal\/wp-json\/wp\/v2\/media?parent=48076"}],"wp:term":[{"taxonomy":"category","embeddable":true,"href":"https:\/\/tvc16.com\/portal\/wp-json\/wp\/v2\/categories?post=48076"},{"taxonomy":"post_tag","embeddable":true,"href":"https:\/\/tvc16.com\/portal\/wp-json\/wp\/v2\/tags?post=48076"}],"curies":[{"name":"wp","href":"https:\/\/api.w.org\/{rel}","templated":true}]}}