{"id":48079,"date":"2022-11-21T10:00:00","date_gmt":"2022-11-21T13:00:00","guid":{"rendered":"https:\/\/tvc16.com\/portal\/?p=48079"},"modified":"2022-11-20T21:43:23","modified_gmt":"2022-11-21T00:43:23","slug":"governo-do-estado-lanca-medalha-de-merito-cultural-alcione-nesta-segunda-feira","status":"publish","type":"post","link":"https:\/\/tvc16.com\/portal\/2022\/11\/21\/governo-do-estado-lanca-medalha-de-merito-cultural-alcione-nesta-segunda-feira\/","title":{"rendered":"Governo do Estado lan\u00e7a Medalha de M\u00e9rito Cultural Alcione nesta segunda-feira"},"content":{"rendered":"\n<p><em>Homenagem acontece durante festa de comemora\u00e7\u00e3o aos 75 anos da cantora, na Mangueira<\/em>.<\/p>\n\n\n\n<p>O Governo do Estado lan\u00e7a, nesta segunda-feira (21\/11), \u00e0s 19h, a Medalha de M\u00e9rito Cultural Alcione. A homenagem acontece durante a festa de comemora\u00e7\u00e3o aos 75 anos da cantora, na quadra da Esta\u00e7\u00e3o Primeira de Mangueira. No evento, ser\u00e1 realizada a primeira edi\u00e7\u00e3o da medalha, que vai premiar personalidades do samba.<br><br>&#8211; S\u00edmbolo da nossa cultura, Alcione merece ser celebrada e eternizada por meio da medalha. O pr\u00eamio \u00e9 o primeiro do estado voltado exclusivamente para o samba e \u00e9 uma homenagem tamb\u00e9m aos cantores, compositores e produtores culturais &#8211; explicou o governador Cl\u00e1udio Castro.<br><br>A cerim\u00f4nia ser\u00e1 dividida em dez categorias e vai premiar desde artistas renomados at\u00e9 revela\u00e7\u00f5es. Tamb\u00e9m ter\u00e3o pr\u00eamios para produ\u00e7\u00e3o cultural e projetos que foram destaques este ano.<br><br>Categorias e indicados:<br>&#8211; Sambista:<br>Nei Lopes<br>Teresa Cristina<br>Sombrinha<br><br>&#8211; Revela\u00e7\u00e3o:<br>Vinny Santa F\u00e9<br>Renato da Rocinha<br>Nego Alvaro<br>Arlindinho Cruz<br>Marcele Mota<br>Wic Tavares<br><br>&#8211; Cantora:<br>Ana Costa<br>Teresa Cristina<br>Marina \u00cdris<br>Maria Menezes<br>Dorina<br><br>-Cantor:<br>Diogo Nogueira<br>Toninho Geraes<br>Alexandre Pires<br>Desengaiola<br>Mingo Silva<br>Adriano Serafim<br>Marquinhos Sathan<br>Jo\u00e3o Cavalcanti<br><br>&#8211; Compositor:<br>Moacyr Luz<br>Manu da Cuica<br>Nego Alvaro<br>Andr\u00e9 Renato<br>Toninho Geraes<br><br>-M\u00fasico:<br>Gabriel de Aquino<br>Carlinhos 07 Cordas<br>Jo\u00e3o Martins<br>Paul\u00e3o 07 Cordas<br>Luiz Augusto Guimar\u00e3es<br>Luiz Felipe de Lima<br><br>&#8211; Musicista:<br>Samara L\u00edbano<br>Tha\u00eds Bezerra<br>Luciana Rabelo<br>Layse Sapucahy<br><br>&#8211; Produtor cultural:<br>Wanderson Luna<br>Jonathan Raymundo<br>Pedro Oliveira<br>Marquinhos de Oswaldo Cruz<br>Robson Lo Bianco<br><br>&#8211; Projeto destaque 2022:<br>Terreiro de Crioulo<br>Roda de Samba da Gl\u00f3ria<br>Balaio Bom<br>Arteiros da Gl\u00f3ria<br>Samba Social Clube<br>MARES<br>Fliportela<br><br>Servi\u00e7o<br>Lan\u00e7amento da Medalha de M\u00e9rito Cultural Alcione<br>Data: Segunda-feira (21\/11)<br>Hor\u00e1rio: 19h<br>Local: Quadra da Esta\u00e7\u00e3o Primeira de Mangueira &#8211; R. Visc. de Niter\u00f3i, 1072 &#8211; Mangueira<\/p>\n","protected":false},"excerpt":{"rendered":"<p>Homenagem acontece durante festa de comemora\u00e7\u00e3o aos 75 anos da cantora, na Mangueira. O Governo<\/p>\n","protected":false},"author":2,"featured_media":48080,"comment_status":"open","ping_status":"open","sticky":false,"template":"","format":"standard","meta":{"footnotes":""},"categories":[21,19,17],"tags":[],"class_list":["post-48079","post","type-post","status-publish","format-standard","has-post-thumbnail","hentry","category-cultura","category-educacao","category-outras-noticias"],"_links":{"self":[{"href":"https:\/\/tvc16.com\/portal\/wp-json\/wp\/v2\/posts\/48079","targetHints":{"allow":["GET"]}}],"collection":[{"href":"https:\/\/tvc16.com\/portal\/wp-json\/wp\/v2\/posts"}],"about":[{"href":"https:\/\/tvc16.com\/portal\/wp-json\/wp\/v2\/types\/post"}],"author":[{"embeddable":true,"href":"https:\/\/tvc16.com\/portal\/wp-json\/wp\/v2\/users\/2"}],"replies":[{"embeddable":true,"href":"https:\/\/tvc16.com\/portal\/wp-json\/wp\/v2\/comments?post=48079"}],"version-history":[{"count":1,"href":"https:\/\/tvc16.com\/portal\/wp-json\/wp\/v2\/posts\/48079\/revisions"}],"predecessor-version":[{"id":48081,"href":"https:\/\/tvc16.com\/portal\/wp-json\/wp\/v2\/posts\/48079\/revisions\/48081"}],"wp:featuredmedia":[{"embeddable":true,"href":"https:\/\/tvc16.com\/portal\/wp-json\/wp\/v2\/media\/48080"}],"wp:attachment":[{"href":"https:\/\/tvc16.com\/portal\/wp-json\/wp\/v2\/media?parent=48079"}],"wp:term":[{"taxonomy":"category","embeddable":true,"href":"https:\/\/tvc16.com\/portal\/wp-json\/wp\/v2\/categories?post=48079"},{"taxonomy":"post_tag","embeddable":true,"href":"https:\/\/tvc16.com\/portal\/wp-json\/wp\/v2\/tags?post=48079"}],"curies":[{"name":"wp","href":"https:\/\/api.w.org\/{rel}","templated":true}]}}