{"id":48085,"date":"2022-11-21T10:30:00","date_gmt":"2022-11-21T13:30:00","guid":{"rendered":"https:\/\/tvc16.com\/portal\/?p=48085"},"modified":"2022-11-21T09:01:08","modified_gmt":"2022-11-21T12:01:08","slug":"covid-19-brasil-registra-8-mortes-e-43-mil-casos-em-24-horas","status":"publish","type":"post","link":"https:\/\/tvc16.com\/portal\/2022\/11\/21\/covid-19-brasil-registra-8-mortes-e-43-mil-casos-em-24-horas\/","title":{"rendered":"Covid-19: Brasil registra 8 mortes e 4,3 mil casos em 24 horas"},"content":{"rendered":"\n<p>As secretarias estaduais e municipais de Sa\u00fade registraram 4.325 novos casos de covid-19 nas \u00faltimas 24 horas em todo o pa\u00eds. De acordo com os \u00f3rg\u00e3os, foram confirmadas tamb\u00e9m oito mortes por complica\u00e7\u00f5es associadas \u00e0 doen\u00e7a no mesmo per\u00edodo.<img decoding=\"async\" src=\"https:\/\/agenciabrasil.ebc.com.br\/ebc.png?id=1494544&amp;o=node\"><img decoding=\"async\" src=\"https:\/\/agenciabrasil.ebc.com.br\/ebc.gif?id=1494544&amp;o=node\"><\/p>\n\n\n\n<p>Os dados est\u00e3o na atualiza\u00e7\u00e3o do Minist\u00e9rio da Sa\u00fade divulgada nesse domingo (20). Doze estados, entre eles, S\u00e3o Paulo, Rio&nbsp;de Janeiro&nbsp;e o Distrito Federal, n\u00e3o tiveram as informa\u00e7\u00f5es atualizadas pelos respectivos governos, segundo o minist\u00e9rio.&nbsp;.&nbsp;<\/p>\n\n\n\n<p>Com as novas informa\u00e7\u00f5es, o total de pessoas infectadas pelo novo coronav\u00edrus durante a pandemia j\u00e1 soma 35.011.534.<\/p>\n\n\n\n<p>O n\u00famero de casos de covid-19 em acompanhamento est\u00e1 em 170.321. O termo \u00e9 usado&nbsp;para designar casos notificados nos \u00faltimos 14 dias que n\u00e3o tiveram alta e nem resultaram em \u00f3bito.<\/p>\n\n\n\n<p>Com os n\u00fameros de ontem, o total de mortes chegou a&nbsp;688.928&nbsp;desde o in\u00edcio da pandemia. Ainda h\u00e1 3.181 mortes em investiga\u00e7\u00e3o. As ocorr\u00eancias envolvem casos em que o paciente morreu, mas a investiga\u00e7\u00e3o se a causa foi covid-19 ainda demanda exames e procedimentos complementares.<\/p>\n\n\n\n<p>At\u00e9 agora, 34.152.285 pessoas se recuperaram da covid-19. O n\u00famero corresponde a 97,5% dos infectados desde o in\u00edcio da pandemia.<\/p>\n\n\n\n<p>Aos s\u00e1bados, domingos e segundas-feiras, o n\u00famero registrado di\u00e1rio tende a ser menor pela dificuldade de alimenta\u00e7\u00e3o dos bancos de dados pelas secretarias municipais e estaduais de Sa\u00fade. \u00c0s&nbsp;ter\u00e7as-feiras, o quantitativo, em geral, \u00e9 maior pela atualiza\u00e7\u00e3o dos casos acumulados nos fins de semana.<\/p>\n\n\n\n<h2 class=\"wp-block-heading\">Estados<\/h2>\n\n\n\n<p>Segundo o balan\u00e7o do Minist\u00e9rio da Sa\u00fade, no topo do\u00a0<em>ranking<\/em>\u00a0de estados com mais mortes por covid-19 registradas at\u00e9 o momento est\u00e3o S\u00e3o Paulo (175.941), Rio\u00a0de Janeiro\u00a0(75.944), Minas Gerais (63.908), Paran\u00e1 (45.465) e Rio Grande do Sul (41.234).<\/p>\n\n\n\n<p><em>Ag\u00eancia Brasil<\/em><\/p>\n","protected":false},"excerpt":{"rendered":"<p>As secretarias estaduais e municipais de Sa\u00fade registraram 4.325 novos casos de covid-19 nas \u00faltimas<\/p>\n","protected":false},"author":2,"featured_media":48086,"comment_status":"open","ping_status":"open","sticky":false,"template":"","format":"standard","meta":{"footnotes":""},"categories":[264,17,14,13],"tags":[],"class_list":["post-48085","post","type-post","status-publish","format-standard","has-post-thumbnail","hentry","category-destaque","category-outras-noticias","category-pais","category-saude"],"_links":{"self":[{"href":"https:\/\/tvc16.com\/portal\/wp-json\/wp\/v2\/posts\/48085","targetHints":{"allow":["GET"]}}],"collection":[{"href":"https:\/\/tvc16.com\/portal\/wp-json\/wp\/v2\/posts"}],"about":[{"href":"https:\/\/tvc16.com\/portal\/wp-json\/wp\/v2\/types\/post"}],"author":[{"embeddable":true,"href":"https:\/\/tvc16.com\/portal\/wp-json\/wp\/v2\/users\/2"}],"replies":[{"embeddable":true,"href":"https:\/\/tvc16.com\/portal\/wp-json\/wp\/v2\/comments?post=48085"}],"version-history":[{"count":1,"href":"https:\/\/tvc16.com\/portal\/wp-json\/wp\/v2\/posts\/48085\/revisions"}],"predecessor-version":[{"id":48087,"href":"https:\/\/tvc16.com\/portal\/wp-json\/wp\/v2\/posts\/48085\/revisions\/48087"}],"wp:featuredmedia":[{"embeddable":true,"href":"https:\/\/tvc16.com\/portal\/wp-json\/wp\/v2\/media\/48086"}],"wp:attachment":[{"href":"https:\/\/tvc16.com\/portal\/wp-json\/wp\/v2\/media?parent=48085"}],"wp:term":[{"taxonomy":"category","embeddable":true,"href":"https:\/\/tvc16.com\/portal\/wp-json\/wp\/v2\/categories?post=48085"},{"taxonomy":"post_tag","embeddable":true,"href":"https:\/\/tvc16.com\/portal\/wp-json\/wp\/v2\/tags?post=48085"}],"curies":[{"name":"wp","href":"https:\/\/api.w.org\/{rel}","templated":true}]}}