{"id":4809,"date":"2020-11-03T22:04:31","date_gmt":"2020-11-03T22:04:31","guid":{"rendered":"https:\/\/tvc16.com\/portal\/?p=4809"},"modified":"2020-11-03T22:04:31","modified_gmt":"2020-11-03T22:04:31","slug":"mais-pessoas-morrem-por-covid-19-em-petropolis","status":"publish","type":"post","link":"https:\/\/tvc16.com\/portal\/2020\/11\/03\/mais-pessoas-morrem-por-covid-19-em-petropolis\/","title":{"rendered":"Mais pessoas morrem por Covid-19 em Petr\u00f3polis"},"content":{"rendered":"\n<p>A Secretaria Municipal de Sa\u00fade confirmou mais quatro mortes por covid-19 nesta ter\u00e7a-feira (03) em Petr\u00f3polis. A informa\u00e7\u00e3o foi divulgada atrav\u00e9s do boletim epidemiol\u00f3gico di\u00e1rio, que tamb\u00e9m apontou mais tr\u00eas casos confirmados. Com os registros, Petr\u00f3polis totaliza 272 \u00f3bitos e 7.988 casos confirmados desde o in\u00edcio da pandemia, em mar\u00e7o.<\/p>\n\n\n\n<p>As v\u00edtimas s\u00e3o: Uma mulher, de 71 anos, moradora do Dr. Thouzet. Ela foi internada no dia 27 de outubro no Hospital Nossa Senhora Aparecida (HNSA) e faleceu na sexta-feira (30); um homem, de 41 anos, morador de Corr\u00eaas. Ele foi internado no dia 13 de outubro no Hospital Alcides Carneiro (HAC) e faleceu na quinta-feira (29). Ele tinha c\u00e2ncer, uma mulher, de 92 anos, moradora da Mosela. Ela foi internada no dia 09 de agosto no Hospital Nossa Senhora Aparecida (HNSA) e faleceu dia 11 de outubro. A paciente doen\u00e7a cardiovascular cr\u00f4nica, uma mulher, de 86 anos, moradora do S\u00e3o Sebasti\u00e3o. Ela deu entrada em 04 de outubro no Pronto Socorro do Alto da Serra e faleceu no mesmo dia. A paciente tinha hipertens\u00e3o arterial.<\/p>\n\n\n\n<p>Segundo o boletim epidemiol\u00f3gico, at\u00e9 o momento foram realizados 69.395 testes na cidade. Desses, 61.183 resultaram negativos, 7.988 positivos e 224 est\u00e3o em an\u00e1lise, entre PCR e testes r\u00e1pidos. H\u00e1 50 pacientes internados na cidade, podendo ser casos positivos ou em investiga\u00e7\u00e3o esperando o resultado do teste. <\/p>\n\n\n\n<p>Do total de pacientes infectados, 6.476 s\u00e3o considerados curados do coronav\u00edrus. Esse n\u00famero se refere \u00e0s pessoas que estiveram internadas nas unidades hospitalares da cidade ou que se mantiveram em isolamento domiciliar e que, hoje, n\u00e3o apresentam mais os principais sintomas da doen\u00e7a.<\/p>\n\n\n\n<p>Nesta ter\u00e7a-feira, o munic\u00edpio contabiliza pelo SUS 11,11% dos leitos cl\u00ednicos e 33,33% de UTI ocupados com pacientes infectados com coronav\u00edrus.<\/p>\n","protected":false},"excerpt":{"rendered":"<p>A Secretaria Municipal de Sa\u00fade confirmou mais quatro mortes por covid-19 nesta ter\u00e7a-feira (03) em<\/p>\n","protected":false},"author":2,"featured_media":4810,"comment_status":"open","ping_status":"open","sticky":false,"template":"","format":"standard","meta":{"footnotes":""},"categories":[12],"tags":[],"class_list":["post-4809","post","type-post","status-publish","format-standard","has-post-thumbnail","hentry","category-cidade"],"_links":{"self":[{"href":"https:\/\/tvc16.com\/portal\/wp-json\/wp\/v2\/posts\/4809","targetHints":{"allow":["GET"]}}],"collection":[{"href":"https:\/\/tvc16.com\/portal\/wp-json\/wp\/v2\/posts"}],"about":[{"href":"https:\/\/tvc16.com\/portal\/wp-json\/wp\/v2\/types\/post"}],"author":[{"embeddable":true,"href":"https:\/\/tvc16.com\/portal\/wp-json\/wp\/v2\/users\/2"}],"replies":[{"embeddable":true,"href":"https:\/\/tvc16.com\/portal\/wp-json\/wp\/v2\/comments?post=4809"}],"version-history":[{"count":1,"href":"https:\/\/tvc16.com\/portal\/wp-json\/wp\/v2\/posts\/4809\/revisions"}],"predecessor-version":[{"id":4811,"href":"https:\/\/tvc16.com\/portal\/wp-json\/wp\/v2\/posts\/4809\/revisions\/4811"}],"wp:featuredmedia":[{"embeddable":true,"href":"https:\/\/tvc16.com\/portal\/wp-json\/wp\/v2\/media\/4810"}],"wp:attachment":[{"href":"https:\/\/tvc16.com\/portal\/wp-json\/wp\/v2\/media?parent=4809"}],"wp:term":[{"taxonomy":"category","embeddable":true,"href":"https:\/\/tvc16.com\/portal\/wp-json\/wp\/v2\/categories?post=4809"},{"taxonomy":"post_tag","embeddable":true,"href":"https:\/\/tvc16.com\/portal\/wp-json\/wp\/v2\/tags?post=4809"}],"curies":[{"name":"wp","href":"https:\/\/api.w.org\/{rel}","templated":true}]}}