{"id":48100,"date":"2022-11-21T14:23:21","date_gmt":"2022-11-21T17:23:21","guid":{"rendered":"https:\/\/tvc16.com\/portal\/?p=48100"},"modified":"2022-11-21T14:23:22","modified_gmt":"2022-11-21T17:23:22","slug":"atividade-economica-cresce-04-no-3o-trimestre-mostra-monitor-do-pib","status":"publish","type":"post","link":"https:\/\/tvc16.com\/portal\/2022\/11\/21\/atividade-economica-cresce-04-no-3o-trimestre-mostra-monitor-do-pib\/","title":{"rendered":"Atividade econ\u00f4mica cresce 0,4% no 3\u00ba trimestre, mostra Monitor do PIB"},"content":{"rendered":"\n<h3 class=\"wp-block-heading\">Resultado reflete desempenho da agropecu\u00e1ria, ind\u00fastria e servi\u00e7os<\/h3>\n\n\n\n<p>Por Cristina Indio do Brasil &#8211; Rep\u00f3rter da Ag\u00eancia Brasil &#8211; Rio de Janeiro<audio src=\"https:\/\/tts-app.ebc.com.br\/media\/tts\/193735.mp3\"><\/p>\n\n\n\n<p>O&nbsp;Monitor do Produto Interno Bruto (PIB), elaborado&nbsp;pelo Instituto Brasileiro de Economia (Ibre) da Funda\u00e7\u00e3o Getulio Vargas (FGV) mostrou varia\u00e7\u00e3o positiva&nbsp;de 0,4% na atividade econ\u00f4mica no terceiro trimestre em rela\u00e7\u00e3o ao per\u00edodo anterior. Se comparado ao per\u00edodo&nbsp;de julho&nbsp;a setembro de 2021, o crescimento da economia \u00e9 de 3,2%. Conforme o indicador, houve recuo de 0,4% em setembro, em compara\u00e7\u00e3o a agosto e evolu\u00e7\u00e3o de 2,3% com rela\u00e7\u00e3o a setembro de 2021. Em valores correntes, a estimativa \u00e9 de que o acumulado do PIB &#8211; a soma de todos os bens e servi\u00e7os produzidos no pa\u00eds &#8211; at\u00e9 o terceiro trimestre de 2022&nbsp;somou R$ 7 trilh\u00f5es 235 bilh\u00f5es e 825 milh\u00f5es.<img decoding=\"async\" src=\"https:\/\/agenciabrasil.ebc.com.br\/ebc.png?id=1494629&amp;o=node\"><img decoding=\"async\" src=\"https:\/\/agenciabrasil.ebc.com.br\/ebc.gif?id=1494629&amp;o=node\"><\/p>\n\n\n\n<p>Para a coordenadora da pesquisa, Juliana Trece, o&nbsp;crescimento de 0,4% do PIB no terceiro trimestre reflete o desempenho positivo das tr\u00eas grandes atividades econ\u00f4micas, que s\u00e3o a agropecu\u00e1ria, a ind\u00fastria e os servi\u00e7os e&nbsp;ainda&nbsp;todos os componentes da demanda. Juliana destacou, no entanto, que mesmo com esse desempenho positivo, o resultado&nbsp;de julho&nbsp;a setembro mostra perda de for\u00e7a da economia, por apresentar taxa de crescimento menor do que as observadas no primeiro e no segundo trimestres&nbsp;do ano.<\/p>\n\n\n\n<p>\u201cObserva-se que o recuo registrado em setembro \u00e9 o segundo consecutivo da atividade econ\u00f4mica e sinaliza dificuldade de manter o ritmo de crescimento registrado no in\u00edcio do ano. N\u00e3o \u00e9 surpresa que os juros em patamares elevados tenham se refletido em dificuldade para a economia no segundo semestre\u201d analisou, acrescentando que por causa dos est\u00edmulos fiscais que ocorreram na economia ao longo do ano, o in\u00edcio do enfraquecimento econ\u00f4mico \u201cde certa forma demorou a chegar\u201d.<\/p>\n\n\n\n<p>O Ibre&nbsp;informou que neste indicador foram incorporadas as novas taxas anuais de 2020 e a nova estrutura de pondera\u00e7\u00e3o para 2021, publicados recentemente pelo IBGE. \u201cA partir disso, os n\u00fameros de refer\u00eancia das Contas Nacionais Trimestrais (CNT), divulgados at\u00e9 o segundo trimestre de 2022, foram compatibilizados com os novos dados anuais divulgados. Conforme o&nbsp;IBGE, em&nbsp;4 de novembro&nbsp;a taxa de varia\u00e7\u00e3o do PIB de 2020 foi revisada de -3,9% para -3,3%\u201d.<\/p>\n\n\n\n<p>Com a inclus\u00e3o da nova estrutura de pondera\u00e7\u00e3o para 2021, segundo o Ibre, o Monitor estimou que a taxa de crescimento do PIB de 2021 foi de 4,7%, ligeiramente superior \u00e0 anterior (4,6%) divulgada nas Contas Nacionais Trimestrais.<\/p>\n\n\n\n<h2 class=\"wp-block-heading\">Consumo das fam\u00edlias<\/h2>\n\n\n\n<p>O Monitor do PIB indicou ainda que o consumo das fam\u00edlias subiu 5,6% no terceiro trimestre, crescimento que continua impulsionado pelo consumo de servi\u00e7os. \u201cDesde o segundo trimestre, o consumo de produtos n\u00e3o dur\u00e1veis tamb\u00e9m tem apresentado relev\u00e2ncia para o crescimento do consumo das fam\u00edlias. Destaca-se a queda continuada do consumo dos produtos dur\u00e1veis desde o terceiro trimestre de 2021\u201d.<\/p>\n\n\n\n<h2 class=\"wp-block-heading\">Forma\u00e7\u00e3o Bruta de Capital Fixo<\/h2>\n\n\n\n<p>A forma\u00e7\u00e3o bruta de capital fixo (FBCF), que corresponde aos investimentos, avan\u00e7ou 5,6% no terceiro trimestre. O segmento de m\u00e1quinas e equipamentos foi a principal influ\u00eancia por esse desempenho. A an\u00e1lise indicou que apesar de o&nbsp;segmento&nbsp;ter&nbsp;iniciado o ano com taxas expressivamente negativas, mudou a partir do trimestre m\u00f3vel encerrado&nbsp;em julho, quando passou a crescer. \u201cEsse crescimento \u00e9 explicado principalmente pelo desempenho das m\u00e1quinas e equipamentos importados\u201d.<\/p>\n\n\n\n<h2 class=\"wp-block-heading\">Exporta\u00e7\u00e3o<\/h2>\n\n\n\n<p>A exporta\u00e7\u00e3o de bens e servi\u00e7os tamb\u00e9m registrou avan\u00e7o (6,3%) no terceiro trimestre, causado pelo crescimento de praticamente todos os segmentos, com destaque para as maiores contribui\u00e7\u00f5es da exporta\u00e7\u00e3o de bens intermedi\u00e1rios e dos servi\u00e7os. O \u00fanico segmento da exporta\u00e7\u00e3o que teve recuo (0,9%) foi o da extrativa mineral.<\/p>\n\n\n\n<h2 class=\"wp-block-heading\">Importa\u00e7\u00e3o<\/h2>\n\n\n\n<p>A importa\u00e7\u00e3o de bens e servi\u00e7os tamb\u00e9m evoluiu (7,4%) entre julho e setembro. O motivo foi o desempenho positivo da importa\u00e7\u00e3o de servi\u00e7os, bens intermedi\u00e1rios e bens de capital.<\/p>\n\n\n\n<p>Edi\u00e7\u00e3o: Gra\u00e7a Adjuto<\/p>\n","protected":false},"excerpt":{"rendered":"<p>Resultado reflete desempenho da agropecu\u00e1ria, ind\u00fastria e servi\u00e7os Por Cristina Indio do Brasil &#8211; Rep\u00f3rter<\/p>\n","protected":false},"author":2,"featured_media":48101,"comment_status":"open","ping_status":"open","sticky":false,"template":"","format":"standard","meta":{"footnotes":""},"categories":[17],"tags":[],"class_list":["post-48100","post","type-post","status-publish","format-standard","has-post-thumbnail","hentry","category-outras-noticias"],"_links":{"self":[{"href":"https:\/\/tvc16.com\/portal\/wp-json\/wp\/v2\/posts\/48100","targetHints":{"allow":["GET"]}}],"collection":[{"href":"https:\/\/tvc16.com\/portal\/wp-json\/wp\/v2\/posts"}],"about":[{"href":"https:\/\/tvc16.com\/portal\/wp-json\/wp\/v2\/types\/post"}],"author":[{"embeddable":true,"href":"https:\/\/tvc16.com\/portal\/wp-json\/wp\/v2\/users\/2"}],"replies":[{"embeddable":true,"href":"https:\/\/tvc16.com\/portal\/wp-json\/wp\/v2\/comments?post=48100"}],"version-history":[{"count":1,"href":"https:\/\/tvc16.com\/portal\/wp-json\/wp\/v2\/posts\/48100\/revisions"}],"predecessor-version":[{"id":48102,"href":"https:\/\/tvc16.com\/portal\/wp-json\/wp\/v2\/posts\/48100\/revisions\/48102"}],"wp:featuredmedia":[{"embeddable":true,"href":"https:\/\/tvc16.com\/portal\/wp-json\/wp\/v2\/media\/48101"}],"wp:attachment":[{"href":"https:\/\/tvc16.com\/portal\/wp-json\/wp\/v2\/media?parent=48100"}],"wp:term":[{"taxonomy":"category","embeddable":true,"href":"https:\/\/tvc16.com\/portal\/wp-json\/wp\/v2\/categories?post=48100"},{"taxonomy":"post_tag","embeddable":true,"href":"https:\/\/tvc16.com\/portal\/wp-json\/wp\/v2\/tags?post=48100"}],"curies":[{"name":"wp","href":"https:\/\/api.w.org\/{rel}","templated":true}]}}