{"id":48103,"date":"2022-11-21T14:25:33","date_gmt":"2022-11-21T17:25:33","guid":{"rendered":"https:\/\/tvc16.com\/portal\/?p=48103"},"modified":"2022-11-21T14:25:34","modified_gmt":"2022-11-21T17:25:34","slug":"reforma-da-ubs-jaqueira-em-tres-rios-vai-ser-entregue-ainda-neste-mes","status":"publish","type":"post","link":"https:\/\/tvc16.com\/portal\/2022\/11\/21\/reforma-da-ubs-jaqueira-em-tres-rios-vai-ser-entregue-ainda-neste-mes\/","title":{"rendered":"Reforma da UBS Jaqueira, em Tr\u00eas Rios, vai ser entregue ainda neste m\u00eas"},"content":{"rendered":"\n<p>A Prefeitura de Tr\u00eas Rios informou que as obras de reforma da UBS Jaqueira v\u00e3o ser  finalizadas ainda neste m\u00eas. Na semana passada, a unidade da localidade da Jaqueira na Vila Isabel recebeu a visita do Prefeito Joacir Barbaglio \u2014 o Joa.  Esta ser\u00e1 a terceira entregue somente no segundo semestre de 2022.<\/p>\n\n\n\n<p>As outras foram Werneck Marini (Cantagalo) e Purys (parte alta). No total, ser\u00e3o<br>sete Unidades B\u00e1sicas de Sa\u00fade reformadas, que beneficiar\u00e3o mais de 20 mil<br>trirrienses. A entrega da UBS da Jaqueira est\u00e1 prevista para o fim de novembro.<br>\u201cComo contrapartida, a Faculdade Suprema est\u00e1 construindo um ambulat\u00f3rio com<br>v\u00e1rias especialidades que ampliar\u00e1 o atendimento cl\u00ednico para a popula\u00e7\u00e3o.<br>A cess\u00e3o onerosa permitiu a utiliza\u00e7\u00e3o de um terreno para a constru\u00e7\u00e3o do pr\u00e9dio que ir\u00e1<br>funcionar em anexo \u00e0 faculdade. A obra de reforma da UBS da Jaqueira vai levar mais<br>dignidade e conforto para os moradores do bairro\u201d, comentou o prefeito Joa.<br>A cess\u00e3o do terreno ao lado da faculdade Suprema vai desafogar ainda mais o sistema<br>de sa\u00fade de Tr\u00eas Rios. Ser\u00e3o constru\u00eddos inicialmente 20 ambulat\u00f3rios m\u00e9dicos, do<br>total de 28 previstos.<\/p>\n\n\n\n<p>O projeto foi aprovado na sess\u00e3o plen\u00e1ria na C\u00e2mara de<br>Vereadores em dezembro de 2021 para atendimentos feitos por universit\u00e1rios \u00e0<br>popula\u00e7\u00e3o trirriense.<\/p>\n","protected":false},"excerpt":{"rendered":"<p>A Prefeitura de Tr\u00eas Rios informou que as obras de reforma da UBS Jaqueira v\u00e3o<\/p>\n","protected":false},"author":2,"featured_media":48107,"comment_status":"open","ping_status":"open","sticky":false,"template":"","format":"standard","meta":{"footnotes":""},"categories":[17],"tags":[],"class_list":["post-48103","post","type-post","status-publish","format-standard","has-post-thumbnail","hentry","category-outras-noticias"],"_links":{"self":[{"href":"https:\/\/tvc16.com\/portal\/wp-json\/wp\/v2\/posts\/48103","targetHints":{"allow":["GET"]}}],"collection":[{"href":"https:\/\/tvc16.com\/portal\/wp-json\/wp\/v2\/posts"}],"about":[{"href":"https:\/\/tvc16.com\/portal\/wp-json\/wp\/v2\/types\/post"}],"author":[{"embeddable":true,"href":"https:\/\/tvc16.com\/portal\/wp-json\/wp\/v2\/users\/2"}],"replies":[{"embeddable":true,"href":"https:\/\/tvc16.com\/portal\/wp-json\/wp\/v2\/comments?post=48103"}],"version-history":[{"count":1,"href":"https:\/\/tvc16.com\/portal\/wp-json\/wp\/v2\/posts\/48103\/revisions"}],"predecessor-version":[{"id":48108,"href":"https:\/\/tvc16.com\/portal\/wp-json\/wp\/v2\/posts\/48103\/revisions\/48108"}],"wp:featuredmedia":[{"embeddable":true,"href":"https:\/\/tvc16.com\/portal\/wp-json\/wp\/v2\/media\/48107"}],"wp:attachment":[{"href":"https:\/\/tvc16.com\/portal\/wp-json\/wp\/v2\/media?parent=48103"}],"wp:term":[{"taxonomy":"category","embeddable":true,"href":"https:\/\/tvc16.com\/portal\/wp-json\/wp\/v2\/categories?post=48103"},{"taxonomy":"post_tag","embeddable":true,"href":"https:\/\/tvc16.com\/portal\/wp-json\/wp\/v2\/tags?post=48103"}],"curies":[{"name":"wp","href":"https:\/\/api.w.org\/{rel}","templated":true}]}}