{"id":48109,"date":"2022-11-21T14:37:28","date_gmt":"2022-11-21T17:37:28","guid":{"rendered":"https:\/\/tvc16.com\/portal\/?p=48109"},"modified":"2022-11-21T14:37:29","modified_gmt":"2022-11-21T17:37:29","slug":"carreta-de-grande-porte-interditara-descida-da-serra-de-petropolis-na-madrugada-de-terca-feira-22","status":"publish","type":"post","link":"https:\/\/tvc16.com\/portal\/2022\/11\/21\/carreta-de-grande-porte-interditara-descida-da-serra-de-petropolis-na-madrugada-de-terca-feira-22\/","title":{"rendered":"Carreta de grande porte interditar\u00e1 descida da serra de Petr\u00f3polis na madrugada de ter\u00e7a-feira (22)"},"content":{"rendered":"\n<p>Uma carreta de grande porte subir\u00e1 a Serra de Petr\u00f3polis pela pista de descida, em opera\u00e7\u00e3o prevista para ocorrer na madrugada do dia 22.11 (virada de segunda para ter\u00e7a), entre meia-noite e 4h. A revers\u00e3o da pista de descida exigir\u00e1 a interdi\u00e7\u00e3o total do trecho entre o km 80 e km 102, no sentido RJ. A opera\u00e7\u00e3o ser\u00e1 necess\u00e1ria porque o ve\u00edculo n\u00e3o passa por determinadas curvas da pista de subida, que vai operar normalmente no per\u00edodo.<\/p>\n\n\n\n<p>Equipes da PRF, com apoio da Concer, v\u00e3o acompanhar a opera\u00e7\u00e3o, que poder\u00e1 ser adiada se n\u00e3o houver condi\u00e7\u00f5es clim\u00e1ticas ou operacionais favor\u00e1veis.<\/p>\n\n\n\n<p>Programe sua viagem e evite reten\u00e7\u00f5es nesse trecho da rodovia durante a opera\u00e7\u00e3o especial. Para obter informa\u00e7\u00f5es atualizadas sobre as condi\u00e7\u00f5es de tr\u00e1fego na BR-040, o usu\u00e1rio deve ligar para a Central de Atendimento Concer: 0800-2820040. Portadores de defici\u00eancia auditiva e de fala: 0800-2810041. A opera\u00e7\u00e3o especial tamb\u00e9m estar\u00e1 no concer.com.br, Facebook Concer e WhatsApp Concer (21) 99724-2655, Duque de Caxias| (21) 97288-3912, Serra | (21) 99784-8115, Itaipava-Juiz de Fora).<\/p>\n\n\n\n<p>Foto ilustrativa Ag\u00eancia Brasil<\/p>\n","protected":false},"excerpt":{"rendered":"<p>Uma carreta de grande porte subir\u00e1 a Serra de Petr\u00f3polis pela pista de descida, em<\/p>\n","protected":false},"author":2,"featured_media":46123,"comment_status":"open","ping_status":"open","sticky":false,"template":"","format":"standard","meta":{"footnotes":""},"categories":[1],"tags":[],"class_list":["post-48109","post","type-post","status-publish","format-standard","has-post-thumbnail","hentry","category-uncategorized"],"_links":{"self":[{"href":"https:\/\/tvc16.com\/portal\/wp-json\/wp\/v2\/posts\/48109","targetHints":{"allow":["GET"]}}],"collection":[{"href":"https:\/\/tvc16.com\/portal\/wp-json\/wp\/v2\/posts"}],"about":[{"href":"https:\/\/tvc16.com\/portal\/wp-json\/wp\/v2\/types\/post"}],"author":[{"embeddable":true,"href":"https:\/\/tvc16.com\/portal\/wp-json\/wp\/v2\/users\/2"}],"replies":[{"embeddable":true,"href":"https:\/\/tvc16.com\/portal\/wp-json\/wp\/v2\/comments?post=48109"}],"version-history":[{"count":1,"href":"https:\/\/tvc16.com\/portal\/wp-json\/wp\/v2\/posts\/48109\/revisions"}],"predecessor-version":[{"id":48110,"href":"https:\/\/tvc16.com\/portal\/wp-json\/wp\/v2\/posts\/48109\/revisions\/48110"}],"wp:featuredmedia":[{"embeddable":true,"href":"https:\/\/tvc16.com\/portal\/wp-json\/wp\/v2\/media\/46123"}],"wp:attachment":[{"href":"https:\/\/tvc16.com\/portal\/wp-json\/wp\/v2\/media?parent=48109"}],"wp:term":[{"taxonomy":"category","embeddable":true,"href":"https:\/\/tvc16.com\/portal\/wp-json\/wp\/v2\/categories?post=48109"},{"taxonomy":"post_tag","embeddable":true,"href":"https:\/\/tvc16.com\/portal\/wp-json\/wp\/v2\/tags?post=48109"}],"curies":[{"name":"wp","href":"https:\/\/api.w.org\/{rel}","templated":true}]}}