{"id":48118,"date":"2022-11-21T14:58:23","date_gmt":"2022-11-21T17:58:23","guid":{"rendered":"https:\/\/tvc16.com\/portal\/?p=48118"},"modified":"2022-11-21T14:58:24","modified_gmt":"2022-11-21T17:58:24","slug":"marcas-da-rua-teresa-preparam-acoes-e-descontos-para-a-black-friday","status":"publish","type":"post","link":"https:\/\/tvc16.com\/portal\/2022\/11\/21\/marcas-da-rua-teresa-preparam-acoes-e-descontos-para-a-black-friday\/","title":{"rendered":"<strong>Marcas da Rua Teresa preparam a\u00e7\u00f5es e descontos para a&nbsp;<em>Black Friday<\/em><\/strong>"},"content":{"rendered":"\n<p>Novembro \u00e9 sin\u00f4nimo de descontos no com\u00e9rcio de roupas tamb\u00e9m. A cada ano, as marcas de moda v\u00eam aderindo ao per\u00edodo de promo\u00e7\u00f5es que come\u00e7ou nos Estados Unidos e ganhou for\u00e7a no Brasil. Na Rua Teresa, principal polo comercial de Petr\u00f3polis, as marcas est\u00e3o preparando a\u00e7\u00f5es e descontos especiais para os consumidores ao longo de m\u00eas.<\/p>\n\n\n\n<p>\u201cCada marca est\u00e1 avaliando o que vai oferecer aos clientes durante a Black Friday, que muitas vezes acaba durando o m\u00eas todos, n\u00e9? S\u00e3o produtos lindos com pre\u00e7os especiais para garantir que o consumidor fique satisfeito. Natal est\u00e1 chegando e pode ser uma \u00f3tima oportunidade de conhecer nossas marcas e presentear algu\u00e9m especial\u201d, conta Denise Fiorini, presidente da Associa\u00e7\u00e3o da Rua Teresa (Arte).<\/p>\n\n\n\n<p>Dados da Confedera\u00e7\u00e3o Nacional do Com\u00e9rcio (CNC) projetam, para 2022, um aumento no faturamento do setor de 1,1%, na compara\u00e7\u00e3o com o ano passado. A&nbsp;<em>Black Friday<\/em>&nbsp;j\u00e1 \u00e9 considerada a quinta data mais importante do varejo, atr\u00e1s do Natal, Dia das M\u00e3es, Dia das Crian\u00e7as e Dia dos Pais, de acordo com a CNC.<\/p>\n\n\n\n<p>E as promo\u00e7\u00f5es j\u00e1 come\u00e7aram na Rua Teresa. Tem pe\u00e7as selecionadas com at\u00e9 40% de desconto de um lado da rua; Camisetas, conjuntinhos estampados e pe\u00e7as de ver\u00e3o com pre\u00e7os especiais do outro lado. Uma s\u00e9rie de a\u00e7\u00f5es tamb\u00e9m est\u00e3o sendo preparadas para atrair os consumidores. \u201cAlgumas marcas v\u00e3o realizar<em>&nbsp;lives<\/em>&nbsp;de compras, outras t\u00eam araras com pe\u00e7as da esta\u00e7\u00e3o com precinhos bem baixos. Criatividade n\u00e3o falta para o empresariado da Rua Teresa\u201d, destaca Denise.<\/p>\n\n\n\n<p>O perfil oficial da Rua Teresa no&nbsp;<em>Instagram<\/em>&nbsp;(@ruateresaoficial) entrou no clima e est\u00e1 preparando uma a\u00e7\u00e3o virtual com pe\u00e7as de diversas marcas com valores at\u00e9 R$100,00. \u201cUma sele\u00e7\u00e3o para mostrar que \u00e9 poss\u00edvel se vestir bem, com qualidade e economizando. Promo\u00e7\u00f5es s\u00e3o \u00f3timas oportunidades para conhecer produtos novos e virar f\u00e3 das marcas da Rua Teresa. Por isso aproveitamos nossos perfis para mostrar nossas pe\u00e7as para o mundo\u201d, ressalta Nathalia Mendes, diretora de Marketing da Arte.<\/p>\n\n\n\n<p>As promo\u00e7\u00f5es da&nbsp;<em>Black Friday<\/em>&nbsp;seguem at\u00e9 o fim do m\u00eas de novembro. A Rua Teresa funciona de ter\u00e7a a s\u00e1bado das 9h \u00e0s 18h. \u00c0s segundas as lojas abrem a partir das 14h e aos domingos, os hor\u00e1rios s\u00e3o especiais. Acesse as redes sociais da Rua para detalhes sobre as marcas e os canais de comunica\u00e7\u00e3o com as lojas.<\/p>\n","protected":false},"excerpt":{"rendered":"<p>Novembro \u00e9 sin\u00f4nimo de descontos no com\u00e9rcio de roupas tamb\u00e9m. A cada ano, as marcas<\/p>\n","protected":false},"author":2,"featured_media":48119,"comment_status":"open","ping_status":"open","sticky":false,"template":"","format":"standard","meta":{"footnotes":""},"categories":[12],"tags":[],"class_list":["post-48118","post","type-post","status-publish","format-standard","has-post-thumbnail","hentry","category-cidade"],"_links":{"self":[{"href":"https:\/\/tvc16.com\/portal\/wp-json\/wp\/v2\/posts\/48118","targetHints":{"allow":["GET"]}}],"collection":[{"href":"https:\/\/tvc16.com\/portal\/wp-json\/wp\/v2\/posts"}],"about":[{"href":"https:\/\/tvc16.com\/portal\/wp-json\/wp\/v2\/types\/post"}],"author":[{"embeddable":true,"href":"https:\/\/tvc16.com\/portal\/wp-json\/wp\/v2\/users\/2"}],"replies":[{"embeddable":true,"href":"https:\/\/tvc16.com\/portal\/wp-json\/wp\/v2\/comments?post=48118"}],"version-history":[{"count":1,"href":"https:\/\/tvc16.com\/portal\/wp-json\/wp\/v2\/posts\/48118\/revisions"}],"predecessor-version":[{"id":48120,"href":"https:\/\/tvc16.com\/portal\/wp-json\/wp\/v2\/posts\/48118\/revisions\/48120"}],"wp:featuredmedia":[{"embeddable":true,"href":"https:\/\/tvc16.com\/portal\/wp-json\/wp\/v2\/media\/48119"}],"wp:attachment":[{"href":"https:\/\/tvc16.com\/portal\/wp-json\/wp\/v2\/media?parent=48118"}],"wp:term":[{"taxonomy":"category","embeddable":true,"href":"https:\/\/tvc16.com\/portal\/wp-json\/wp\/v2\/categories?post=48118"},{"taxonomy":"post_tag","embeddable":true,"href":"https:\/\/tvc16.com\/portal\/wp-json\/wp\/v2\/tags?post=48118"}],"curies":[{"name":"wp","href":"https:\/\/api.w.org\/{rel}","templated":true}]}}