{"id":4813,"date":"2020-11-04T13:40:32","date_gmt":"2020-11-04T13:40:32","guid":{"rendered":"https:\/\/tvc16.com\/portal\/?p=4813"},"modified":"2020-11-04T13:40:32","modified_gmt":"2020-11-04T13:40:32","slug":"homens-acusados-de-roubos-sao-presos-pela-policia-civil","status":"publish","type":"post","link":"https:\/\/tvc16.com\/portal\/2020\/11\/04\/homens-acusados-de-roubos-sao-presos-pela-policia-civil\/","title":{"rendered":"Homens acusados de roubos s\u00e3o presos pela Pol\u00edcia Civil"},"content":{"rendered":"\n<p>Na madrugada desta quarta-feira (04) agentes da 106\u00aa Delegacia de Pol\u00edcia, em Itaipava, prenderam Pablo Freitas de Souza e Felipe Assis Gomes da Silva. Ambos s\u00e3o acusados de assaltar pessoas que circulavam na Estrada Philuvio Cerqueira Rodrigues (Estrada Itaipava\/Teres\u00f3polis). A a\u00e7\u00e3o foi em cumprimento a dois mandados de pris\u00e3o preventiva contra os homens, expedidos pela 1\u00aa Vara Criminal de Petr\u00f3polis.<\/p>\n\n\n\n<p>Os crimes ocorreram nos dias 03 e 05 de outubro deste ano, ocasi\u00e3o em que tr\u00eas v\u00edtimas tiveram os pertences como aparelhos celulares e R$ 600 em dinheiro, roubados. De acordo com a Pol\u00edcia Civil, os acusados utilizavam r\u00e9plicas de pistolas para amea\u00e7ar as v\u00edtimas.<\/p>\n\n\n\n<p>Ainda de acordo com a pol\u00edcia, a identidade dos presos foi divulgada para que outras poss\u00edveis v\u00edtimas possam reconhec\u00ea-los, e assim procurar a 106\u00aa DP para noticiar os crimes. Lembrando que as den\u00fancias tamb\u00e9m podem ser feitas atrav\u00e9s dos telefones: (24) 2253-1177 e (24) 98816-3939 \u2013 whatsapp.<\/p>\n\n\n\n<p>Foto: Pol\u00edcia Civil<\/p>\n","protected":false},"excerpt":{"rendered":"<p>Na madrugada desta quarta-feira (04) agentes da 106\u00aa Delegacia de Pol\u00edcia, em Itaipava, prenderam Pablo<\/p>\n","protected":false},"author":2,"featured_media":4817,"comment_status":"open","ping_status":"open","sticky":false,"template":"","format":"standard","meta":{"footnotes":""},"categories":[12],"tags":[],"class_list":["post-4813","post","type-post","status-publish","format-standard","has-post-thumbnail","hentry","category-cidade"],"_links":{"self":[{"href":"https:\/\/tvc16.com\/portal\/wp-json\/wp\/v2\/posts\/4813","targetHints":{"allow":["GET"]}}],"collection":[{"href":"https:\/\/tvc16.com\/portal\/wp-json\/wp\/v2\/posts"}],"about":[{"href":"https:\/\/tvc16.com\/portal\/wp-json\/wp\/v2\/types\/post"}],"author":[{"embeddable":true,"href":"https:\/\/tvc16.com\/portal\/wp-json\/wp\/v2\/users\/2"}],"replies":[{"embeddable":true,"href":"https:\/\/tvc16.com\/portal\/wp-json\/wp\/v2\/comments?post=4813"}],"version-history":[{"count":1,"href":"https:\/\/tvc16.com\/portal\/wp-json\/wp\/v2\/posts\/4813\/revisions"}],"predecessor-version":[{"id":4818,"href":"https:\/\/tvc16.com\/portal\/wp-json\/wp\/v2\/posts\/4813\/revisions\/4818"}],"wp:featuredmedia":[{"embeddable":true,"href":"https:\/\/tvc16.com\/portal\/wp-json\/wp\/v2\/media\/4817"}],"wp:attachment":[{"href":"https:\/\/tvc16.com\/portal\/wp-json\/wp\/v2\/media?parent=4813"}],"wp:term":[{"taxonomy":"category","embeddable":true,"href":"https:\/\/tvc16.com\/portal\/wp-json\/wp\/v2\/categories?post=4813"},{"taxonomy":"post_tag","embeddable":true,"href":"https:\/\/tvc16.com\/portal\/wp-json\/wp\/v2\/tags?post=4813"}],"curies":[{"name":"wp","href":"https:\/\/api.w.org\/{rel}","templated":true}]}}