{"id":4814,"date":"2020-11-04T13:12:53","date_gmt":"2020-11-04T13:12:53","guid":{"rendered":"https:\/\/tvc16.com\/portal\/?p=4814"},"modified":"2020-11-04T13:12:53","modified_gmt":"2020-11-04T13:12:53","slug":"biden-prega-calma-trump-canta-vitoria-e-faz-acusacao-de-roubo","status":"publish","type":"post","link":"https:\/\/tvc16.com\/portal\/2020\/11\/04\/biden-prega-calma-trump-canta-vitoria-e-faz-acusacao-de-roubo\/","title":{"rendered":"Biden prega calma, Trump canta vit\u00f3ria e faz acusa\u00e7\u00e3o de &#8220;roubo&#8221;"},"content":{"rendered":"\n<p><a href=\"https:\/\/www.yahoo.com\/author\/matheus-ribeiro\">Matheus Ribeiro<\/a><\/p>\n\n\n\n<p><em>* Atualizado no dia 4 de novembro, \u00e0s 7h22<\/em><\/p>\n\n\n\n<p>Com muitos estados ainda sem n\u00fameros finais de apura\u00e7\u00e3o, muito por causa de problemas com os votos enviados com anteced\u00eancia, ainda \u00e9 imposs\u00edvel declarar um vencedor da\u00a0<strong>elei\u00e7\u00e3o americana\u00a0<\/strong>para presidente na madrugada desta quarta (4). Mas os dois candidatos j\u00e1 se pronunciaram, de formas e por meios diferentes.<\/p>\n\n\n\n<p>O candidato democrata Joe Biden fez um breve discurso em Delaware, seu estado natal, ressaltando que a apura\u00e7\u00e3o ainda deve demorar e que o resultado s\u00f3 deve sair durante o dia de quarta.<\/p>\n\n\n\n<p>&#8220;Eu acredito que estamos no caminho para ganhar essa elei\u00e7\u00e3o&#8221;, afirmou Biden. &#8220;Sab\u00edamos que, por causa do voto por correio, ter\u00edamos que ser pacientes. E cada voto conta&#8221;.<\/p>\n\n\n\n<p>Alguns minutos depois, o candidato republicano Donald Trump usou sua conta no Twitter para, sem prova alguma, dizer que algu\u00e9m estava tentando roubar a elei\u00e7\u00e3o e ignorando os votos em anteced\u00eancia, afirmando que eles poderiam ter sido depositados ap\u00f3s o fechamento das urnas.<\/p>\n\n\n\n<p>&#8220;Estamos BEM na frente, mas est\u00e3o tentando ROUBAR a elei\u00e7\u00e3o. Nunca vamos deix\u00e1-los fazer isso. Os votos n\u00e3o podem ser depositados depois que as urnas estiverem fechadas&#8221;, postou o candidato \u00e0 reelei\u00e7\u00e3o.<\/p>\n\n\n\n<p>N\u00e3o demorou para que o Twitter marcasse a postagem de Trump como \u201cconte\u00fado n\u00e3o verificado e que pode enganar pessoas sobre uma elei\u00e7\u00e3o ou um processo civil\u201d.<\/p>\n\n\n\n<p>Mais tarde, Trump fez um discurso na Casa Branca se declarando vencedor e dizendo que levar\u00e1 o caso para a Suprema Corte para que votos parem de ser contados em v\u00e1rios estados onde a apura\u00e7\u00e3o ainda n\u00e3o terminou.<\/p>\n\n\n\n<p>\u201cIsso \u00e9 uma vergonha para o nosso pa\u00eds&#8221;, disse o atual presidente dos EUA. &#8220;Est\u00e1vamos nos preparando para vencer esta elei\u00e7\u00e3o. Por direito, vencemos esta elei\u00e7\u00e3o&#8221;.<\/p>\n\n\n\n<p>Durante o discurso, o candidato republicano afirmou que venceu em estados onde n\u00e3o \u00e9 poss\u00edvel afirmar um vencedor. Ele pediu que os votos de Arizona, onde est\u00e1 perdendo continuassem sendo contados, enquanto clamava pelo encerramento da apura\u00e7\u00e3o em Ge\u00f3rgia, Michigan e Pensilv\u00e2nia, estados em que ele lidera, mas que n\u00e3o podem ser considerados como decididos at\u00e9 o fechamento desta mat\u00e9ria.<\/p>\n\n\n\n<p>Do lado democrata, houve rea\u00e7\u00e3o \u00e0 fala de Trump sobre acionar a Suprema Corte. Jen O\u2019Malley Dillon, chefe da campanha de Biden, classificou a fala de Trump como \u201cultrajante&#8221; e&nbsp;<a href=\"https:\/\/br.noticias.yahoo.com\/joe-biden-donald-trump-eleicoes-eua-apuracao-nao-vai-parar-094228958.html\"><strong>garantiu que a apura\u00e7\u00e3o dos votos n\u00e3o vai parar<\/strong><\/a>.&nbsp;0:00&nbsp;1:02&nbsp;&nbsp;Vacina para Covid-19 deveria ser testada em quem j\u00e1 est\u00e1 doente, diz Russomanno<a href=\"https:\/\/www.tumblr.com\/widgets\/share\/tool?posttype=photo&amp;content=https%3A%2F%2Fs.yimg.com%2Fny%2Fapi%2Fres%2F1.2%2FVzUAFkFH2K6GWpJDrFqNow--~A%2FYXBwaWQ9aGlnaGxhbmRlcjt3PTMwMzE7aD0yMDQzO3NtPTE7aWw9cGxhbmU-%2Fhttps%3A%2F%2Fmedia-mbst-pub-ue1.s3.amazonaws.com%2Fcreatr-uploaded-images%2F2020-09%2F849a8e70-02c0-11eb-a6bf-2b18b99e3417.cf.jpg&amp;url=https%3A%2F%2Fbr.noticias.yahoo.com%2Fem-pronunciamentos-biden-prega-calma-e-trump-faz-acusacao-de-roubo-065922289.html%3Fsoc_src%3Dsocial-sh%26soc_trk%3Dtu&amp;clickthroughUrl=https%3A%2F%2Fbr.noticias.yahoo.com%2Fem-pronunciamentos-biden-prega-calma-e-trump-faz-acusacao-de-roubo-065922289.html%3Fsoc_src%3Dsocial-sh%26soc_trk%3Dtu&amp;caption=Enquanto%20ainda%20%C3%A9%20imposs%C3%ADvel%20declarar%20vencedor%2C%20os%20dois%20principais%20candidatos%20se%20manifestaram%20de%20formas%20bem%20diferentes&amp;tags=\" target=\"_blank\" rel=\"noreferrer noopener\"><\/a><a href=\"https:\/\/www.facebook.com\/dialog\/feed?app_id=458584288257241&amp;link=https%3A%2F%2Fbr.noticias.yahoo.com%2Fem-pronunciamentos-biden-prega-calma-e-trump-faz-acusacao-de-roubo-065922289.html%3Fsoc_src%3Dsocial-sh%26soc_trk%3Dfb&amp;name=Biden%20prega%20calma%2C%20Trump%20canta%20vit%C3%B3ria%20e%20faz%20acusa%C3%A7%C3%A3o%20de%20%22roubo%22&amp;description=Enquanto%20ainda%20%C3%A9%20imposs%C3%ADvel%20declarar%20vencedor%2C%20os%20dois%20principais%20candidatos%20se%20manifestaram%20de%20formas%20bem%20diferentes&amp;picture=https%3A%2F%2Fs.yimg.com%2Fny%2Fapi%2Fres%2F1.2%2FVzUAFkFH2K6GWpJDrFqNow--~A%2FYXBwaWQ9aGlnaGxhbmRlcjt3PTMwMzE7aD0yMDQzO3NtPTE7aWw9cGxhbmU-%2Fhttps%3A%2F%2Fmedia-mbst-pub-ue1.s3.amazonaws.com%2Fcreatr-uploaded-images%2F2020-09%2F849a8e70-02c0-11eb-a6bf-2b18b99e3417.cf.jpg&amp;redirect_uri=https%3A%2F%2Fwww.yahoo.com%2Fnews%2Fmediacontentsharebuttons%2Fpostshare%2F&amp;display=popup&amp;show_error=yes\" target=\"_blank\" rel=\"noreferrer noopener\"><\/a><a href=\"https:\/\/twitter.com\/intent\/tweet?text=Biden%20prega%20calma%2C%20Trump%20canta%20vit%C3%B3ria%20e%20faz%20acusa%C3%A7%C3%A3o%20de%20%22roubo%22&amp;url=https%3A%2F%2Fbr.noticias.yahoo.com%2Fem-pronunciamentos-biden-prega-calma-e-trump-faz-acusacao-de-roubo-065922289.html%3Fsoc_src%3Dsocial-sh%26soc_trk%3Dtw&amp;via=YahooBr\" target=\"_blank\" rel=\"noreferrer noopener\"><\/a><a href=\"mailto:?subject=Biden%20prega%20calma%2C%20Trump%20canta%20vit%C3%B3ria%20e%20faz%20acusa%C3%A7%C3%A3o%20de%20%22roubo%22&amp;body=Biden%20prega%20calma%2C%20Trump%20canta%20vit%C3%B3ria%20e%20faz%20acusa%C3%A7%C3%A3o%20de%20%22roubo%22%20https%3A%2F%2Fbr.noticias.yahoo.com%2Fem-pronunciamentos-biden-prega-calma-e-trump-faz-acusacao-de-roubo-065922289.html%3Fsoc_src%3Dsocial-sh%26soc_trk%3Dma\" target=\"_blank\" rel=\"noreferrer noopener\"><\/a><\/p>\n","protected":false},"excerpt":{"rendered":"<p>Matheus Ribeiro * Atualizado no dia 4 de novembro, \u00e0s 7h22 Com muitos estados ainda<\/p>\n","protected":false},"author":2,"featured_media":4815,"comment_status":"open","ping_status":"open","sticky":false,"template":"","format":"standard","meta":{"footnotes":""},"categories":[22],"tags":[],"class_list":["post-4814","post","type-post","status-publish","format-standard","has-post-thumbnail","hentry","category-internacional"],"_links":{"self":[{"href":"https:\/\/tvc16.com\/portal\/wp-json\/wp\/v2\/posts\/4814","targetHints":{"allow":["GET"]}}],"collection":[{"href":"https:\/\/tvc16.com\/portal\/wp-json\/wp\/v2\/posts"}],"about":[{"href":"https:\/\/tvc16.com\/portal\/wp-json\/wp\/v2\/types\/post"}],"author":[{"embeddable":true,"href":"https:\/\/tvc16.com\/portal\/wp-json\/wp\/v2\/users\/2"}],"replies":[{"embeddable":true,"href":"https:\/\/tvc16.com\/portal\/wp-json\/wp\/v2\/comments?post=4814"}],"version-history":[{"count":1,"href":"https:\/\/tvc16.com\/portal\/wp-json\/wp\/v2\/posts\/4814\/revisions"}],"predecessor-version":[{"id":4816,"href":"https:\/\/tvc16.com\/portal\/wp-json\/wp\/v2\/posts\/4814\/revisions\/4816"}],"wp:featuredmedia":[{"embeddable":true,"href":"https:\/\/tvc16.com\/portal\/wp-json\/wp\/v2\/media\/4815"}],"wp:attachment":[{"href":"https:\/\/tvc16.com\/portal\/wp-json\/wp\/v2\/media?parent=4814"}],"wp:term":[{"taxonomy":"category","embeddable":true,"href":"https:\/\/tvc16.com\/portal\/wp-json\/wp\/v2\/categories?post=4814"},{"taxonomy":"post_tag","embeddable":true,"href":"https:\/\/tvc16.com\/portal\/wp-json\/wp\/v2\/tags?post=4814"}],"curies":[{"name":"wp","href":"https:\/\/api.w.org\/{rel}","templated":true}]}}