{"id":4826,"date":"2020-11-04T14:57:48","date_gmt":"2020-11-04T14:57:48","guid":{"rendered":"https:\/\/tvc16.com\/portal\/?p=4826"},"modified":"2020-11-04T14:57:48","modified_gmt":"2020-11-04T14:57:48","slug":"firjan-senai-petropolis-tera-novos-cursos-tecnicos-em-2021-automacao-industrial-e-informatica","status":"publish","type":"post","link":"https:\/\/tvc16.com\/portal\/2020\/11\/04\/firjan-senai-petropolis-tera-novos-cursos-tecnicos-em-2021-automacao-industrial-e-informatica\/","title":{"rendered":"Firjan SENAI Petr\u00f3polis ter\u00e1 novos cursos t\u00e9cnicos em 2021: Automa\u00e7\u00e3o Industrial e Inform\u00e1tica"},"content":{"rendered":"\n<p><strong>Unidade tamb\u00e9m abrir\u00e1 turmas para cursos de Eletrot\u00e9cnica e Mec\u00e2nica. Aulas on-line come\u00e7am em 3 de fevereiro e o uso de laborat\u00f3rios fica para o segundo semestre do ano que vem<\/strong><\/p>\n\n\n\n<p>Atenta as mudan\u00e7as e preocupada em oferecer temas atuais que ampliem as oportunidades no mercado de trabalho para alunos de qualquer idade, a Firjan SENAI em Petr\u00f3polis vai oferecer quatro t\u00edtulos de cursos t\u00e9cnicos em 2021, dois deles novos: Eletromec\u00e2nica e Inform\u00e1tica. Forma\u00e7\u00f5es tradicionais e muito procuradas por profissionais, os cursos t\u00e9cnicos em Eletrot\u00e9cnica e Mec\u00e2nica tamb\u00e9m seguir\u00e3o no portf\u00f3lio. As aulas ser\u00e3o realizadas a dist\u00e2ncia e o uso de laborat\u00f3rios e oficinas ser\u00e1 feito no segundo semestre de 2021. As inscri\u00e7\u00f5es j\u00e1 est\u00e3o abertas e terminam em 03\/02, data de in\u00edcio das aulas on-line.<\/p>\n\n\n\n<p>A capacita\u00e7\u00e3o na Firjan SENAI atua para uma forma\u00e7\u00e3o ampla, objetivando aumentar as possibilidades de inser\u00e7\u00e3o no mundo do trabalho e preparando o profissional para assumir novos desafios impostos por um mundo em constante transforma\u00e7\u00e3o. \u201cPreparamos o aluno para ir al\u00e9m do saber fazer. Em nossos cursos, o aluno entende o que est\u00e1 fazendo e \u00e9 capaz de agir de maneira t\u00e9cnica e t\u00e1tica na gest\u00e3o dos processos do seu dia a dia profissional&#8221;, ressalta o gerente de Educa\u00e7\u00e3o Profissional da Firjan SENAI, Edson Melo.<\/p>\n\n\n\n<p>S\u00e3o 40 vagas em cada turma e com carga hor\u00e1ria que varia de 1.200 a 1.360 horas, o que representa at\u00e9 um ano e meio de estudos. Ao longo do ano letivo, as 20 horas semanais exigidas ser\u00e3o divididas em 10 horas para o autoestudo, quando o aluno se dedica ao estudo individual na plataforma; seis horas (tr\u00eas vezes por semana) para aulas on-line com instrutor e com a turma; e quatro horas (dois dias por semana) voltadas para tutoria, quando o instrutor tira d\u00favidas com cada aluno.<\/p>\n\n\n\n<figure class=\"wp-block-gallery columns-1 is-cropped wp-block-gallery-1 is-layout-flex wp-block-gallery-is-layout-flex\"><ul class=\"blocks-gallery-grid\"><li class=\"blocks-gallery-item\"><figure><img loading=\"lazy\" decoding=\"async\" width=\"1024\" height=\"683\" src=\"https:\/\/tvc16.com\/portal\/wp-content\/uploads\/2020\/11\/Automacao-Industrial-100313-18_3194\u00a9Paula-Johas-1-1024x683.jpg\" alt=\"\" data-id=\"4829\" data-full-url=\"https:\/\/tvc16.com\/portal\/wp-content\/uploads\/2020\/11\/Automacao-Industrial-100313-18_3194\u00a9Paula-Johas-1-scaled.jpg\" data-link=\"https:\/\/tvc16.com\/portal\/?attachment_id=4829\" class=\"wp-image-4829\" srcset=\"https:\/\/tvc16.com\/portal\/wp-content\/uploads\/2020\/11\/Automacao-Industrial-100313-18_3194\u00a9Paula-Johas-1-1024x683.jpg 1024w, https:\/\/tvc16.com\/portal\/wp-content\/uploads\/2020\/11\/Automacao-Industrial-100313-18_3194\u00a9Paula-Johas-1-300x200.jpg 300w, https:\/\/tvc16.com\/portal\/wp-content\/uploads\/2020\/11\/Automacao-Industrial-100313-18_3194\u00a9Paula-Johas-1-768x512.jpg 768w, https:\/\/tvc16.com\/portal\/wp-content\/uploads\/2020\/11\/Automacao-Industrial-100313-18_3194\u00a9Paula-Johas-1-1536x1024.jpg 1536w\" sizes=\"auto, (max-width: 1024px) 100vw, 1024px\" \/><figcaption class=\"blocks-gallery-item__caption\">Novo Branding &#8211; S\u00e3o Gon\u00e7alo &#8211; Sesi e Senai<\/figcaption><\/figure><\/li><\/ul><\/figure>\n\n\n\n<p><strong>Aulas presenciais<\/strong><\/p>\n\n\n\n<p>O uso de laborat\u00f3rios e oficinas ficar\u00e1 para o segundo semestre de 2021, quando est\u00e1 previsto o in\u00edcio das aulas presenciais, e espera-se que a pandemia tenha sido vencida. \u201cS\u00e3o momentos em que o aluno estar\u00e1 na unidade, usando os laborat\u00f3rios e oficinas para praticar aquilo que aprendeu durante o estudo on-line. Ele vai vivenciar os conhecimentos e praticar em ambientes industriais bem pr\u00f3ximos aos que ele encontrar\u00e1 no mercado de trabalho\u201d, acrescenta Melo.<\/p>\n\n\n\n<p>As matr\u00edculas dos cursos EaD ser\u00e3o realizadas on-line. O aluno acessa o site dos cursos t\u00e9cnicos, escolhe o t\u00edtulo, a escola, se cadastra e faz a inscri\u00e7\u00e3o; depois anexa documentos e demais processos necess\u00e1rios para a matr\u00edcula de forma virtual.&nbsp;<a rel=\"noreferrer noopener\" target=\"_blank\" href=\"https:\/\/nam02.safelinks.protection.outlook.com\/?url=https%3A%2F%2Fwww.firjansenai.com.br%2Fcursorio%2Fportal%2Findex.php&amp;data=04%7C01%7CCFARAUJO%40firjan.com.br%7C8bd2366f20a9464c669408d875e8e8ce%7Cd0c698d4e4ea4ee9a79df2d7a78399c8%7C0%7C0%7C637388990501296428%7CUnknown%7CTWFpbGZsb3d8eyJWIjoiMC4wLjAwMDAiLCJQIjoiV2luMzIiLCJBTiI6Ik1haWwiLCJXVCI6Mn0%3D%7C1000&amp;sdata=JCI6G95pIDbtAfS%2BFXSWxleKj1iHrT2mATEJu6KwwqQ%3D&amp;reserved=0\"><strong>https:\/\/www.firjansenai.com.br\/cursorio\/portal\/index.php<\/strong><\/a><strong>.&nbsp;<\/strong>Os pre\u00e7os das mensalidades variam entre R$ 132 e R$ 161 para o curso de Automa\u00e7\u00e3o Industrial; R$ 167 e R$ 206 para Eletrot\u00e9cnica; R$ 104 e R$ 127 para a capacita\u00e7\u00e3o em Inform\u00e1tica e; R$ 145 e R$ 178 para o curso t\u00e9cnico em Mec\u00e2nica.<strong><\/strong><\/p>\n\n\n\n<p><strong>De olho no mercado<\/strong><\/p>\n\n\n\n<p><br>Com a acelera\u00e7\u00e3o da transforma\u00e7\u00e3o digital nas empresas e neg\u00f3cios e, as mudan\u00e7as nos h\u00e1bitos e no consumo da popula\u00e7\u00e3o provocadas pela pandemia, a demanda por profissionais de Tecnologia da Informa\u00e7\u00e3o (TI) se tornou ainda maior. Neste contexto, trabalhadores com habilidades e conhecimentos na \u00e1rea de Inform\u00e1tica enxergam um universo de possibilidades, como o desenvolvimento de softwares e aplicativos, montagem e manuten\u00e7\u00e3o de computadores, instala\u00e7\u00e3o e configura\u00e7\u00e3o de servidores e servi\u00e7os de redes.<\/p>\n\n\n\n<p>Ao lado, a Ind\u00fastria 4.0 tamb\u00e9m exige novos comportamentos e compet\u00eancias dos trabalhadores. A m\u00e1xima de produzir mais e melhor fez com que a Automa\u00e7\u00e3o Industrial assumisse h\u00e1 anos um papel de destaque na busca por competitividade. \u201cComo as ind\u00fastrias de diversos setores v\u00eam se adaptando a um modelo de produ\u00e7\u00e3o tecnol\u00f3gico para atender as exig\u00eancias do mercado, o trabalhador com esta forma\u00e7\u00e3o ganhou import\u00e2ncia significativa\u201d, explica o coordenador de Educa\u00e7\u00e3o Profissional da Firjan SENAI Petr\u00f3polis, Danilo Lemos Fagundes.<br><\/p>\n\n\n\n<p>A&nbsp;transversalidade tamb\u00e9m \u00e9 diferencial nos trabalhos exercidos pelos t\u00e9cnicos em Mec\u00e2nica e Eletrot\u00e9cnica. Apesar de soarem como carreiras tradicionais, as fun\u00e7\u00f5es&nbsp;s\u00e3o consolidadas dentro das empresas e, mesmo com o passar dos anos, seguem fundamentais para o funcionamento de m\u00e1quinas e equipamentos. \u201cExiste a&nbsp;necessidade de manuten\u00e7\u00e3o preventiva e corretiva em qualquer m\u00e1quina ou equipamento utilizado nos processos produtivos de qualquer ind\u00fastria.&nbsp;Estes t\u00e9cnicos&nbsp;podem atuar em ind\u00fastrias da iniciativa privada, no setor p\u00fablico ou como profissional liberal prestando servi\u00e7o de manuten\u00e7\u00e3o para ind\u00fastrias de diversos setores\u201d, completa o Fagundes.<\/p>\n\n\n\n<p>Quem faz um curso t\u00e9cnico, al\u00e9m de ter chance de empregabilidade, fica tamb\u00e9m mais preparado para o Ensino Superior. O diploma do SENAI na \u00e1rea tem reconhecimento destacado e permite habilita\u00e7\u00e3o t\u00e9cnica junto ao Conselho Regional dos T\u00e9cnicos Industriais.<\/p>\n\n\n\n<p><strong>Carlos Felipe de Ara\u00fajo<\/strong><\/p>\n","protected":false},"excerpt":{"rendered":"<p>Unidade tamb\u00e9m abrir\u00e1 turmas para cursos de Eletrot\u00e9cnica e Mec\u00e2nica. Aulas on-line come\u00e7am em 3<\/p>\n","protected":false},"author":2,"featured_media":4828,"comment_status":"open","ping_status":"open","sticky":false,"template":"","format":"standard","meta":{"footnotes":""},"categories":[12],"tags":[],"class_list":["post-4826","post","type-post","status-publish","format-standard","has-post-thumbnail","hentry","category-cidade"],"_links":{"self":[{"href":"https:\/\/tvc16.com\/portal\/wp-json\/wp\/v2\/posts\/4826","targetHints":{"allow":["GET"]}}],"collection":[{"href":"https:\/\/tvc16.com\/portal\/wp-json\/wp\/v2\/posts"}],"about":[{"href":"https:\/\/tvc16.com\/portal\/wp-json\/wp\/v2\/types\/post"}],"author":[{"embeddable":true,"href":"https:\/\/tvc16.com\/portal\/wp-json\/wp\/v2\/users\/2"}],"replies":[{"embeddable":true,"href":"https:\/\/tvc16.com\/portal\/wp-json\/wp\/v2\/comments?post=4826"}],"version-history":[{"count":1,"href":"https:\/\/tvc16.com\/portal\/wp-json\/wp\/v2\/posts\/4826\/revisions"}],"predecessor-version":[{"id":4830,"href":"https:\/\/tvc16.com\/portal\/wp-json\/wp\/v2\/posts\/4826\/revisions\/4830"}],"wp:featuredmedia":[{"embeddable":true,"href":"https:\/\/tvc16.com\/portal\/wp-json\/wp\/v2\/media\/4828"}],"wp:attachment":[{"href":"https:\/\/tvc16.com\/portal\/wp-json\/wp\/v2\/media?parent=4826"}],"wp:term":[{"taxonomy":"category","embeddable":true,"href":"https:\/\/tvc16.com\/portal\/wp-json\/wp\/v2\/categories?post=4826"},{"taxonomy":"post_tag","embeddable":true,"href":"https:\/\/tvc16.com\/portal\/wp-json\/wp\/v2\/tags?post=4826"}],"curies":[{"name":"wp","href":"https:\/\/api.w.org\/{rel}","templated":true}]}}