{"id":4831,"date":"2020-11-04T15:00:46","date_gmt":"2020-11-04T15:00:46","guid":{"rendered":"https:\/\/tvc16.com\/portal\/?p=4831"},"modified":"2020-11-04T15:00:46","modified_gmt":"2020-11-04T15:00:46","slug":"a-enel-distribuicao-rio-realiza-nessa-semana-palestras-sobre-consumo-consciente-de-energia-eletrica-e-orcamento-familiar-por-meio-de-estandes-montados-em-duque-de-caxias-itaborai-mage-e-sao-goncal","status":"publish","type":"post","link":"https:\/\/tvc16.com\/portal\/2020\/11\/04\/a-enel-distribuicao-rio-realiza-nessa-semana-palestras-sobre-consumo-consciente-de-energia-eletrica-e-orcamento-familiar-por-meio-de-estandes-montados-em-duque-de-caxias-itaborai-mage-e-sao-goncal\/","title":{"rendered":"A Enel Distribui\u00e7\u00e3o Rio realiza nessa semana, palestras sobre consumo consciente de energia el\u00e9trica e or\u00e7amento familiar, por meio de estandes montados em Duque de Caxias, Itabora\u00ed, Mag\u00e9 e S\u00e3o Gon\u00e7alo."},"content":{"rendered":"\n<p>As a\u00e7\u00f5es fazem parte do projeto de sustentabilidade Enel Compartilha Consumo Consciente, que promove palestras e liga\u00e7\u00f5es para a popula\u00e7\u00e3o, com o objetivo de compartilhar dicas e pr\u00e1ticas de consumo consciente de energia e de combate ao desperd\u00edcio. Os participantes poder\u00e3o trocar at\u00e9 duas l\u00e2mpadas incandescentes e\/ou fluorescentes, de alto consumo, por um modelo mais econ\u00f4mico e eficiente, de LED.<\/p>\n\n\n\n<p>Respeitando as normas de sa\u00fade e&nbsp;possibilitando a continuidade das iniciativas de forma segura, as palestras foram adaptadas. Nesse novo formato, a iniciativa passou a ser realizada em estandes, com atendimento individual e tamb\u00e9m por meio de liga\u00e7\u00f5es. Os estandes est\u00e3o cada dia em uma localidade, com dicas de como funciona o consumo energ\u00e9tico em uma resid\u00eancia e orienta\u00e7\u00f5es sobre economia de energia. Os clientes poder\u00e3o efetuar tamb\u00e9m a troca de at\u00e9 duas l\u00e2mpadas fluorescentes e\/ou incandescentes por outras mais econ\u00f4micas, de modelo LED. J\u00e1 as liga\u00e7\u00f5es ser\u00e3o realizadas pelos atendentes Enel com dicas de consumo consciente e agendamento para posterior troca de l\u00e2mpadas.<\/p>\n\n\n\n<p>Tamb\u00e9m ser\u00e3o feitas oficinas virtuais de capacita\u00e7\u00e3o dos projetos Enel Compartilha Empreendedorismo e Enel Compartilha Oportunidade, al\u00e9m de reuni\u00f5es remotas com lideran\u00e7as comunit\u00e1rias no projeto Enel Compartilha Lideran\u00e7a em Rede e as visitas domiciliares que oferecem troca de l\u00e2mpadas e capta\u00e7\u00e3o do cadastro na tarifa social de energia el\u00e9trica no projeto Enel Compartilha Cidadania. Ainda, ser\u00e3o prestados servi\u00e7os comerciais a moradores de comunidades carentes de Petr\u00f3polis, atrav\u00e9s do Enel M\u00f3vel.<\/p>\n\n\n\n<p><strong>Enel Compartilha Lideran\u00e7a em Rede<\/strong><\/p>\n\n\n\n<p>S\u00e3o realizadas mensalmente reuni\u00f5es virtuais com cada uma das 9 frentes de lideran\u00e7as comunit\u00e1rias que totalizam 193 l\u00edderes, garantindo assim a continuidade do relacionamento entre Enel e comunidade, al\u00e9m da manuten\u00e7\u00e3o dos atendimentos de demandas t\u00e9cnicas e comerciais.&nbsp;Neste ano, j\u00e1 foram realizadas 77 reuni\u00f5es com a participa\u00e7\u00e3o de 220 lideran\u00e7as comunit\u00e1rias e um F\u00f3rum Anual com a presen\u00e7a de 120 lideran\u00e7as das 9 frentes de atua\u00e7\u00e3o do projeto, totalizando 78 encontros e 340 lideran\u00e7as participantes.<\/p>\n\n\n\n<p><strong>Enel Compartilha Cidadania<\/strong><\/p>\n\n\n\n<p>O projeto realiza visitas domiciliares com aplica\u00e7\u00e3o de question\u00e1rio socioecon\u00f4mico, presta\u00e7\u00e3o de atendimento comercial e troca de l\u00e2mpadas para clientes moradores de \u00e1reas de baixa renda, al\u00e9m da capta\u00e7\u00e3o do cadastro na&nbsp;Tarifa&nbsp;Social de&nbsp;Energia&nbsp;El\u00e9trica&nbsp;(TSEE).<\/p>\n\n\n\n<p><strong>Enel Compartilha Empreendedorismo<\/strong><\/p>\n\n\n\n<p>O projeto Enel Compartilha Empreendedorismo oferece aula online de capacita\u00e7\u00e3o e confec\u00e7\u00e3o de produtos para gera\u00e7\u00e3o de renda voltados aos grupos de artes\u00e3s locais.<\/p>\n\n\n\n<p><strong>Enel Compartilha Oportunidade<\/strong><\/p>\n\n\n\n<p>Projeto de empregabilidade e capacita\u00e7\u00e3o para jovens de comunidades. Durante este per\u00edodo de pandemia, al\u00e9m do retorno das atividades presenciais \u2013 feitas em formato estande, com atendimento individualizado -, as capacita\u00e7\u00f5es t\u00eam acontecido de forma online e as oficinas de multiplica\u00e7\u00e3o est\u00e3o sendo realizadas voluntariamente pelos jovens participantes da atividade.<\/p>\n\n\n\n<p><strong>Enel M\u00f3vel<\/strong><\/p>\n\n\n\n<p>A unidade m\u00f3vel da Enel prestar\u00e1 servi\u00e7os comerciais aos moradores do Condom\u00ednio Minha Casa Minha Vida Vicenzo Riveti&nbsp;no bairro Carangola com solicita\u00e7\u00e3o de cadastro baixa renda, troca de titularidade, mudan\u00e7a da data de vencimento e outros servi\u00e7os.<\/p>\n\n\n\n<p><strong>Sobre a Enel Distribui\u00e7\u00e3o Rio<\/strong>&nbsp;<\/p>\n\n\n\n<p>A Enel Distribui\u00e7\u00e3o Rio, subsidi\u00e1ria da multinacional italiana Enel,&nbsp;atende&nbsp;66 munic\u00edpios do estado do Rio de Janeiro, abrangendo 73% do territ\u00f3rio estadual, com cobertura de uma \u00e1rea de 32.188 km\u00b2. A Regi\u00e3o Metropolitana de Niter\u00f3i e S\u00e3o Gon\u00e7alo e os munic\u00edpios de Itabora\u00ed e Mag\u00e9 representam a maior concentra\u00e7\u00e3o do total de 3,1 milh\u00f5es de clientes atendidos pela companhia.&nbsp;A estrat\u00e9gia de atua\u00e7\u00e3o da Enel \u00e9 baseada no seu Plano de Sustentabilidade e nos compromissos assumidos com os Objetivos de Desenvolvimento Sustent\u00e1vel da Agenda 2030 da ONU.<\/p>\n\n\n\n<p><strong><u>Servi\u00e7os:<\/u><\/strong><\/p>\n\n\n\n<p><strong>ENEL COMPARTILHA CONSUMO CONCIENTE \u2013 ESTANDE DE PALESTRAS<\/strong><\/p>\n\n\n\n<p><strong><u>Data:<\/u><\/strong>&nbsp;4 de novembro \u2013 Quarta-feira<\/p>\n\n\n\n<p><strong><u>Local:<\/u><\/strong>&nbsp;Duque de Caxias<\/p>\n\n\n\n<p><strong><u>Hor\u00e1rio:<\/u><\/strong>&nbsp;10h \u00e0s 16h<\/p>\n\n\n\n<p><strong><u>Data:<\/u><\/strong>&nbsp;5 de novembro \u2013 Quinta-feira<\/p>\n\n\n\n<p><strong><u>Local:<\/u><\/strong>&nbsp;Mag\u00e9<\/p>\n\n\n\n<p><strong><u>Hor\u00e1rio:<\/u><\/strong>&nbsp;10h \u00e0s 16h<\/p>\n\n\n\n<p><strong><u>Data:<\/u><\/strong>&nbsp;6 de novembro \u2013 Sexta-feira<\/p>\n\n\n\n<p><strong><u>Local:<\/u><\/strong>&nbsp;Duque de Caxias<\/p>\n\n\n\n<p><strong><u>Hor\u00e1rio:<\/u><\/strong>&nbsp;10h \u00e0s 16h<\/p>\n\n\n\n<p><strong><u>Data:<\/u><\/strong>&nbsp;6 de novembro \u2013 Sexta-feira<\/p>\n\n\n\n<p><strong><u>Local:<\/u><\/strong>&nbsp;S\u00e3o Gon\u00e7alo<\/p>\n\n\n\n<p><strong><u>Hor\u00e1rio:<\/u><\/strong>&nbsp;10h \u00e0s 16h<\/p>\n\n\n\n<p><strong>CADASTRO TARIFA SOCIAL<\/strong><\/p>\n\n\n\n<p><strong><u>Data:<\/u><\/strong>&nbsp;5 de novembro \u2013 Quinta-feira<\/p>\n\n\n\n<p><strong><u>Local:<\/u><\/strong>&nbsp;Mag\u00e9<\/p>\n\n\n\n<p><strong><u>Hor\u00e1rio:<\/u><\/strong>&nbsp;9h \u00e0s 17h<\/p>\n\n\n\n<p><strong><u>Data:<\/u><\/strong>&nbsp;6 de novembro \u2013 Sexta-feira<\/p>\n\n\n\n<p><strong><u>Local:<\/u><\/strong>&nbsp;Mag\u00e9<\/p>\n\n\n\n<p><strong><u>Hor\u00e1rio:<\/u><\/strong>&nbsp;9h \u00e0s 17h<\/p>\n\n\n\n<p><strong>CAPTA\u00c7\u00c3O DE NOVOS CADASTROS \u2013 ESTANDE DE PALESTRAS<\/strong><\/p>\n\n\n\n<p><strong><u>Data:<\/u><\/strong>&nbsp;4 de novembro \u2013 Quarta-feira<\/p>\n\n\n\n<p><strong><u>Local:<\/u><\/strong>&nbsp;Duque de Caxias<\/p>\n\n\n\n<p><strong><u>Hor\u00e1rio:<\/u><\/strong>&nbsp;10h \u00e0s 16h<\/p>\n\n\n\n<p><strong><u>Data:<\/u><\/strong>&nbsp;5 de novembro \u2013 Quinta-feira<\/p>\n\n\n\n<p><strong><u>Local:<\/u><\/strong>&nbsp;Mag\u00e9<\/p>\n\n\n\n<p><strong><u>Hor\u00e1rio:<\/u><\/strong>&nbsp;10h \u00e0s 16h<\/p>\n\n\n\n<p><strong><u>Data:<\/u><\/strong>&nbsp;6 de novembro \u2013 Sexta-feira<\/p>\n\n\n\n<p><strong><u>Local:<\/u><\/strong>&nbsp;S\u00e3o Gon\u00e7alo<\/p>\n\n\n\n<p><strong><u>Hor\u00e1rio:<\/u><\/strong>&nbsp;10h \u00e0s 16h<\/p>\n\n\n\n<p><strong><u>Data:<\/u><\/strong>&nbsp;6 de novembro \u2013 Sexta-feira<\/p>\n\n\n\n<p><strong><u>Local:<\/u><\/strong>&nbsp;Duque de Caxias<\/p>\n\n\n\n<p><strong><u>Hor\u00e1rio:<\/u><\/strong>&nbsp;10h \u00e0s 16h<\/p>\n\n\n\n<p><strong>ENEL COMPARTILHA EMPREENDEDORISMO<\/strong><\/p>\n\n\n\n<p><strong>Data:<\/strong>&nbsp;4 de novembro \u2013 Quarta-feira<\/p>\n\n\n\n<p><strong>Hor\u00e1rio:&nbsp;<\/strong>15h \u00e0s 17h<\/p>\n\n\n\n<p><strong>Link de inscri\u00e7\u00e3o do evento:<\/strong>&nbsp;<a rel=\"noreferrer noopener\" target=\"_blank\" href=\"https:\/\/nam05.safelinks.protection.outlook.com\/?url=https%3A%2F%2Furldefense.com%2Fv3%2F__https%3A%2Fforms.gle%2FbM3sVP5GtU88WPMD6__%3B!!OjemSMKBgg!0JEcekUUoDanjHzod96ODVL0nb9q8587f3sn_bteyCNHAC9Ih1gN5G-MtyMirE_5qA%24&amp;data=04%7C01%7CCarolina.Coelho%40edelman.com%7Cddc55ef08dc6477f161208d880be99cc%7Cb824bfb3918e43c2bb1cdcc1ba40a82b%7C0%7C0%7C637400903423507490%7CUnknown%7CTWFpbGZsb3d8eyJWIjoiMC4wLjAwMDAiLCJQIjoiV2luMzIiLCJBTiI6Ik1haWwiLCJXVCI6Mn0%3D%7C2000&amp;sdata=LyAYfQgLwp9fsnqIl95ByDaZ%2BS0iPiNAyMHN16FhVSI%3D&amp;reserved=0\">https:\/\/forms.gle\/bM3sVP5GtU88WPMD6<\/a><\/p>\n\n\n\n<p><strong>OBS:&nbsp;<\/strong>A aula acontece atrav\u00e9s do WhatsApp<\/p>\n\n\n\n<p><strong>Data:<\/strong>&nbsp;6 de novembro \u2013 Sexta-feira<\/p>\n\n\n\n<p><strong>Hor\u00e1rio:&nbsp;<\/strong>15h \u00e0s 17h<\/p>\n\n\n\n<p><strong>Link de inscri\u00e7\u00e3o do evento:<\/strong>&nbsp;<a rel=\"noreferrer noopener\" target=\"_blank\" href=\"https:\/\/nam05.safelinks.protection.outlook.com\/?url=https%3A%2F%2Furldefense.com%2Fv3%2F__https%3A%2Fforms.gle%2FehBwmeiQYNH3fikY7__%3B!!OjemSMKBgg!0JEcekUUoDanjHzod96ODVL0nb9q8587f3sn_bteyCNHAC9Ih1gN5G-MtyNqDPllbQ%24&amp;data=04%7C01%7CCarolina.Coelho%40edelman.com%7Cddc55ef08dc6477f161208d880be99cc%7Cb824bfb3918e43c2bb1cdcc1ba40a82b%7C0%7C0%7C637400903423507490%7CUnknown%7CTWFpbGZsb3d8eyJWIjoiMC4wLjAwMDAiLCJQIjoiV2luMzIiLCJBTiI6Ik1haWwiLCJXVCI6Mn0%3D%7C2000&amp;sdata=r5D%2BH82EhZkAldWyeeFzbYD1w9lm52kjcFXJoCVaOEc%3D&amp;reserved=0\">https:\/\/forms.gle\/ehBwmeiQYNH3fikY7<\/a><\/p>\n\n\n\n<p><strong>OBS:&nbsp;<\/strong>A aula acontece atrav\u00e9s do WhatsApp<\/p>\n\n\n\n<p><strong>ENEL COMPARTILHA OPORTUNIDADE \u2013 ESTANDES<\/strong><\/p>\n\n\n\n<p><strong><u>Data:<\/u><\/strong>&nbsp;4 de novembro \u2013 Quarta-feira<\/p>\n\n\n\n<p><strong><u>Local:<\/u><\/strong>&nbsp;Rio Bonito<\/p>\n\n\n\n<p><strong><u>Hor\u00e1rio:<\/u><\/strong>&nbsp;10h \u00e0s 16h<\/p>\n\n\n\n<p><strong><u>Data:<\/u><\/strong>&nbsp;5 de novembro \u2013 Quinta-feira<\/p>\n\n\n\n<p><strong><u>Local:<\/u><\/strong>&nbsp;Teres\u00f3polis<\/p>\n\n\n\n<p><strong><u>Hor\u00e1rio:<\/u><\/strong>&nbsp;10h \u00e0s 16h<\/p>\n\n\n\n<p><strong><u>Data:<\/u><\/strong>&nbsp;6 de novembro \u2013 Sexta-feira<\/p>\n\n\n\n<p><strong><u>Local:<\/u><\/strong>&nbsp;Itabora\u00ed<\/p>\n\n\n\n<p><strong><u>Hor\u00e1rio:<\/u><\/strong>&nbsp;10h \u00e0s 16h<\/p>\n\n\n\n<p><strong>ENEL COMPARTILHA OPORTUNIDADE \u2013 VOLUNTARIADO MULTICPLICATORES<\/strong><\/p>\n\n\n\n<p><strong><u>Data:<\/u><\/strong>&nbsp;4 de novembro \u2013 Quarta-feira<strong><u><\/u><\/strong><\/p>\n\n\n\n<p><strong><u>Hor\u00e1rio:<\/u><\/strong>&nbsp;10h \u00e0s 14h<\/p>\n\n\n\n<p><strong>OBS:&nbsp;<\/strong>Acontece remotamente<\/p>\n\n\n\n<p><strong>ATENDIMENTO COMERCIAL COMUNIT\u00c1RIO<\/strong><\/p>\n\n\n\n<p><strong><u>Data:<\/u><\/strong>&nbsp;4 de novembro \u2013 Quarta-feira<\/p>\n\n\n\n<p><strong><u>Local:<\/u><\/strong>&nbsp;Bairro Carangola \u2013 Petr\u00f3polis<\/p>\n","protected":false},"excerpt":{"rendered":"<p>As a\u00e7\u00f5es fazem parte do projeto de sustentabilidade Enel Compartilha Consumo Consciente, que promove palestras<\/p>\n","protected":false},"author":2,"featured_media":4832,"comment_status":"open","ping_status":"open","sticky":false,"template":"","format":"standard","meta":{"footnotes":""},"categories":[17],"tags":[],"class_list":["post-4831","post","type-post","status-publish","format-standard","has-post-thumbnail","hentry","category-outras-noticias"],"_links":{"self":[{"href":"https:\/\/tvc16.com\/portal\/wp-json\/wp\/v2\/posts\/4831","targetHints":{"allow":["GET"]}}],"collection":[{"href":"https:\/\/tvc16.com\/portal\/wp-json\/wp\/v2\/posts"}],"about":[{"href":"https:\/\/tvc16.com\/portal\/wp-json\/wp\/v2\/types\/post"}],"author":[{"embeddable":true,"href":"https:\/\/tvc16.com\/portal\/wp-json\/wp\/v2\/users\/2"}],"replies":[{"embeddable":true,"href":"https:\/\/tvc16.com\/portal\/wp-json\/wp\/v2\/comments?post=4831"}],"version-history":[{"count":1,"href":"https:\/\/tvc16.com\/portal\/wp-json\/wp\/v2\/posts\/4831\/revisions"}],"predecessor-version":[{"id":4833,"href":"https:\/\/tvc16.com\/portal\/wp-json\/wp\/v2\/posts\/4831\/revisions\/4833"}],"wp:featuredmedia":[{"embeddable":true,"href":"https:\/\/tvc16.com\/portal\/wp-json\/wp\/v2\/media\/4832"}],"wp:attachment":[{"href":"https:\/\/tvc16.com\/portal\/wp-json\/wp\/v2\/media?parent=4831"}],"wp:term":[{"taxonomy":"category","embeddable":true,"href":"https:\/\/tvc16.com\/portal\/wp-json\/wp\/v2\/categories?post=4831"},{"taxonomy":"post_tag","embeddable":true,"href":"https:\/\/tvc16.com\/portal\/wp-json\/wp\/v2\/tags?post=4831"}],"curies":[{"name":"wp","href":"https:\/\/api.w.org\/{rel}","templated":true}]}}