{"id":4834,"date":"2020-11-04T15:05:44","date_gmt":"2020-11-04T15:05:44","guid":{"rendered":"https:\/\/tvc16.com\/portal\/?p=4834"},"modified":"2020-11-04T15:05:44","modified_gmt":"2020-11-04T15:05:44","slug":"ministro-do-stf-nega-habeas-corpus-a-homem-acusado-por-roubar-r-1-milhao","status":"publish","type":"post","link":"https:\/\/tvc16.com\/portal\/2020\/11\/04\/ministro-do-stf-nega-habeas-corpus-a-homem-acusado-por-roubar-r-1-milhao\/","title":{"rendered":"Ministro do STF nega habeas corpus a homem acusado por roubar R$ 1 milh\u00e3o"},"content":{"rendered":"\n<p>Alexandre de Moraes entendeu que pris\u00e3o preventiva deve ser mantida para garantir ordem p\u00fablica<\/p>\n\n\n\n<p>O ministro do Supremo Tribunal Federal (STF) Alexandre de Moraes negou um habeas corpus a um homem acusado pelo roubo de mais de R$ 1 milh\u00e3o de uma ag\u00eancia do Banco do Brasil em Sete Lagoas (MG) junto com outras 24 pessoas. O crime ocorreu em 1999.&nbsp;<\/p>\n\n\n\n<p>Segundo a den\u00fancia, no dia anterior ao assalto, os criminosos sequestraram os gerentes, caixas do banco e seus familiares e fizeram amea\u00e7as a eles. A den\u00fancia ocorreu em 2003 ap\u00f3s conclus\u00e3o do inqu\u00e9rito policial. \u00c0 \u00e9poca, por n\u00e3o ter sido encontrado, o criminoso que solicitou a revoga\u00e7\u00e3o da pris\u00e3o ao STF, foi &nbsp;citado por edital e n\u00e3o compareceu \u00e0 audi\u00eancia. &nbsp;A pris\u00e3o preventiva s\u00f3 foi cumprida 17 anos depois, em janeiro deste ano.&nbsp;<\/p>\n\n\n\n<p><strong><a href=\"https:\/\/brasil61.com\/noticias\/justica-condena-ex-prefeito-do-amazonas-por-improbidade-administrativa-bras202283\" target=\"_blank\" rel=\"noreferrer noopener\">Justi\u00e7a condena ex-prefeito do Amazonas por improbidade administrativa<\/a><\/strong><\/p>\n\n\n\n<p>Na decis\u00e3o em que rejeitou o habeas corpus, Moraes afirmou que os motivos apresentados por outras inst\u00e2ncias judiciais para a decreta\u00e7\u00e3o da pris\u00e3o preventiva tiveram fundamenta\u00e7\u00e3o jur\u00eddica. Al\u00e9m disso, o ministro disse que a pris\u00e3o deve ser mantida como garantia da ordem p\u00fablica e da aplica\u00e7\u00e3o da lei penal.<\/p>\n\n\n\n<p>Fonte: <a href=\"https:\/\/brasil61.com\/noticias\/ministro-do-stf-nega-habeas-corpus-a-homem-acusado-por-roubar-r-1-milhao-bras202471?email=bethdeoliveira@yahoo.com.br&amp;utm_source=newsletter&amp;utm_medium=newsletter&amp;utm_campaign=newsletter\" target=\"_blank\" rel=\"noreferrer noopener\">Brasil 61<\/a><\/p>\n","protected":false},"excerpt":{"rendered":"<p>Alexandre de Moraes entendeu que pris\u00e3o preventiva deve ser mantida para garantir ordem p\u00fablica O<\/p>\n","protected":false},"author":2,"featured_media":4835,"comment_status":"open","ping_status":"open","sticky":false,"template":"","format":"standard","meta":{"footnotes":""},"categories":[14],"tags":[],"class_list":["post-4834","post","type-post","status-publish","format-standard","has-post-thumbnail","hentry","category-pais"],"_links":{"self":[{"href":"https:\/\/tvc16.com\/portal\/wp-json\/wp\/v2\/posts\/4834","targetHints":{"allow":["GET"]}}],"collection":[{"href":"https:\/\/tvc16.com\/portal\/wp-json\/wp\/v2\/posts"}],"about":[{"href":"https:\/\/tvc16.com\/portal\/wp-json\/wp\/v2\/types\/post"}],"author":[{"embeddable":true,"href":"https:\/\/tvc16.com\/portal\/wp-json\/wp\/v2\/users\/2"}],"replies":[{"embeddable":true,"href":"https:\/\/tvc16.com\/portal\/wp-json\/wp\/v2\/comments?post=4834"}],"version-history":[{"count":1,"href":"https:\/\/tvc16.com\/portal\/wp-json\/wp\/v2\/posts\/4834\/revisions"}],"predecessor-version":[{"id":4836,"href":"https:\/\/tvc16.com\/portal\/wp-json\/wp\/v2\/posts\/4834\/revisions\/4836"}],"wp:featuredmedia":[{"embeddable":true,"href":"https:\/\/tvc16.com\/portal\/wp-json\/wp\/v2\/media\/4835"}],"wp:attachment":[{"href":"https:\/\/tvc16.com\/portal\/wp-json\/wp\/v2\/media?parent=4834"}],"wp:term":[{"taxonomy":"category","embeddable":true,"href":"https:\/\/tvc16.com\/portal\/wp-json\/wp\/v2\/categories?post=4834"},{"taxonomy":"post_tag","embeddable":true,"href":"https:\/\/tvc16.com\/portal\/wp-json\/wp\/v2\/tags?post=4834"}],"curies":[{"name":"wp","href":"https:\/\/api.w.org\/{rel}","templated":true}]}}