{"id":4837,"date":"2020-11-04T15:07:47","date_gmt":"2020-11-04T15:07:47","guid":{"rendered":"https:\/\/tvc16.com\/portal\/?p=4837"},"modified":"2020-11-04T15:07:47","modified_gmt":"2020-11-04T15:07:47","slug":"congresso-nacional-analisa-vetos-presidenciais-nesta-quarta-feira-4","status":"publish","type":"post","link":"https:\/\/tvc16.com\/portal\/2020\/11\/04\/congresso-nacional-analisa-vetos-presidenciais-nesta-quarta-feira-4\/","title":{"rendered":"Congresso Nacional analisa vetos presidenciais nesta quarta-feira (4)"},"content":{"rendered":"\n<p>As sess\u00f5es ser\u00e3o feitas em tr\u00eas etapas e tratam de assuntos como a desonera\u00e7\u00e3o da folha de pagamento, extens\u00e3o do aux\u00edlio emergencial e reprograma\u00e7\u00e3o dos fundos dos estados<\/p>\n\n\n\n<p>O Congresso Nacional ir\u00e1 analisar, nesta quarta-feira (4), <a href=\"https:\/\/www12.senado.leg.br\/noticias\/materias\/2020\/11\/03\/congresso-analisa-vetos-e-projetos-de-credito-suplementar-na-quarta  https:\/\/www.congressonacional.leg.br\/materias\/vetos\/-\/veto\/detalhe\/13405\">41 vetos presidenciais e projetos de cr\u00e9dito suplementar<\/a> como o <a href=\"https:\/\/www.congressonacional.leg.br\/materias\/vetos\/-\/veto\/detalhe\/13405\">Veto 26\/2020<\/a> que impede a prorroga\u00e7\u00e3o, at\u00e9 o final de 2021, da desonera\u00e7\u00e3o da folha de pagamentos de 17 setores da economia que empregam mais de seis milh\u00f5es de pessoas. Se o veto for mantido, a desonera\u00e7\u00e3o acaba no dia 31 de dezembro.<\/p>\n\n\n\n<p>Tamb\u00e9m deve estar na pauta do Congresso o <a href=\"https:\/\/www.congressonacional.leg.br\/materias\/vetos\/-\/veto\/detalhe\/13185\">Veto 13\/2020<\/a> que retirou 12 dispositivos da lei que amplia os benefici\u00e1rios do aux\u00edlio emergencial. O projeto que deu origem \u00e0 lei foi aprovado no Senado no m\u00eas de abril.<\/p>\n\n\n\n<p>Outro item da pauta \u00e9 o <a href=\"http:\/\/www.congressonacional.leg.br\/materias\/vetos\/-\/veto\/detalhe\/13545\">Veto 33\/2020<\/a>, que barrou tr\u00eas dispositivos da <a href=\"http:\/\/www.planalto.gov.br\/ccivil_03\/_ato2019-2022\/2020\/Lei\/L14029.htm\">Lei 14.029, de 2020<\/a>, sobre a reprograma\u00e7\u00e3o dos saldos financeiros dos fundos de assist\u00eancia social dos estados, Distrito Federal e munic\u00edpios, provenientes de repasses federais.<\/p>\n\n\n\n<p>Um dos itens vetados por Bolsonaro suspende por 120 dias, contados de 1\u00ba de mar\u00e7o de 2020, a obrigatoriedade do cumprimento das metas e dos requisitos quantitativos e qualitativos pactuados pelos estados, Distrito Federal e munic\u00edpios com a Uni\u00e3o no \u00e2mbito do Sistema \u00danico de Assist\u00eancia Social (Suas), garantindo-lhes os repasses dos recursos contratados na sua integralidade.<\/p>\n\n\n\n<p>As sess\u00f5es remotas ser\u00e3o divididas em tr\u00eas etapas: \u00e0s 10h com deputados, \u00e0s 16h com senadores e, \u00e0s 19h novamente com deputados. Para que um veto do presidente da Rep\u00fablica seja derrubado \u00e9 necess\u00e1rio o apoio m\u00ednimo de 257 votos na C\u00e2mara e 41 no Senado.<\/p>\n\n\n\n<p>Fonte: <a href=\"https:\/\/brasil61.com\/noticias\/congresso-nacional-analisa-vetos-presidenciais-nesta-quarta-feira-4-bras202473?email=bethdeoliveira@yahoo.com.br&amp;utm_source=newsletter&amp;utm_medium=newsletter&amp;utm_campaign=newsletter\" target=\"_blank\" rel=\"noreferrer noopener\">Brasil 61<\/a><\/p>\n","protected":false},"excerpt":{"rendered":"<p>As sess\u00f5es ser\u00e3o feitas em tr\u00eas etapas e tratam de assuntos como a desonera\u00e7\u00e3o da<\/p>\n","protected":false},"author":2,"featured_media":4838,"comment_status":"open","ping_status":"open","sticky":false,"template":"","format":"standard","meta":{"footnotes":""},"categories":[14],"tags":[],"class_list":["post-4837","post","type-post","status-publish","format-standard","has-post-thumbnail","hentry","category-pais"],"_links":{"self":[{"href":"https:\/\/tvc16.com\/portal\/wp-json\/wp\/v2\/posts\/4837","targetHints":{"allow":["GET"]}}],"collection":[{"href":"https:\/\/tvc16.com\/portal\/wp-json\/wp\/v2\/posts"}],"about":[{"href":"https:\/\/tvc16.com\/portal\/wp-json\/wp\/v2\/types\/post"}],"author":[{"embeddable":true,"href":"https:\/\/tvc16.com\/portal\/wp-json\/wp\/v2\/users\/2"}],"replies":[{"embeddable":true,"href":"https:\/\/tvc16.com\/portal\/wp-json\/wp\/v2\/comments?post=4837"}],"version-history":[{"count":1,"href":"https:\/\/tvc16.com\/portal\/wp-json\/wp\/v2\/posts\/4837\/revisions"}],"predecessor-version":[{"id":4839,"href":"https:\/\/tvc16.com\/portal\/wp-json\/wp\/v2\/posts\/4837\/revisions\/4839"}],"wp:featuredmedia":[{"embeddable":true,"href":"https:\/\/tvc16.com\/portal\/wp-json\/wp\/v2\/media\/4838"}],"wp:attachment":[{"href":"https:\/\/tvc16.com\/portal\/wp-json\/wp\/v2\/media?parent=4837"}],"wp:term":[{"taxonomy":"category","embeddable":true,"href":"https:\/\/tvc16.com\/portal\/wp-json\/wp\/v2\/categories?post=4837"},{"taxonomy":"post_tag","embeddable":true,"href":"https:\/\/tvc16.com\/portal\/wp-json\/wp\/v2\/tags?post=4837"}],"curies":[{"name":"wp","href":"https:\/\/api.w.org\/{rel}","templated":true}]}}