{"id":4863,"date":"2020-11-04T19:41:36","date_gmt":"2020-11-04T19:41:36","guid":{"rendered":"https:\/\/tvc16.com\/portal\/?p=4863"},"modified":"2020-11-04T19:41:36","modified_gmt":"2020-11-04T19:41:36","slug":"nova-etapa-da-vacinacao-antirrabica-sera-realizada-em-petropolis","status":"publish","type":"post","link":"https:\/\/tvc16.com\/portal\/2020\/11\/04\/nova-etapa-da-vacinacao-antirrabica-sera-realizada-em-petropolis\/","title":{"rendered":"Nova etapa da vacina\u00e7\u00e3o antirr\u00e1bica ser\u00e1 realizada em Petr\u00f3polis"},"content":{"rendered":"\n<p>A prefeitura de Petr\u00f3polis informou o calend\u00e1rio da vacina\u00e7\u00e3o antirr\u00e1bica do m\u00eas de novembro. Vale lembrar que, devido \u00e0 pandemia do novo coronav\u00edrus, as equipes da Vigil\u00e2ncia Ambiental n\u00e3o ser\u00e3o liberadas para realizar a vacina\u00e7\u00e3o em resid\u00eancias. Os tutores que possuam mais de 10 animais e apresentem dificuldade de transport\u00e1-los ao comparecimento nos pontos de imuniza\u00e7\u00e3o deve entrar em contato com o telefone (24) 2231-0841 para avalia\u00e7\u00e3o.<\/p>\n\n\n\n<p>Acompanhe os locais de imuniza\u00e7\u00e3o para o pr\u00f3ximo dia 07 de novembro:<\/p>\n\n\n\n<p>PV 01 \u2013 Pra\u00e7a Pasteur (Castel\u00e2nea) \u2013 09h \u00e0s 17h<br>PV 02 \u2013 PSF Sargento Boening (Sargento Boening) \u2013 09h \u00e0s 17h<br>PV 03 \u2013 Escola Municipal Jo\u00e3o Paulo II (S\u00e3o Sebasti\u00e3o) \u2013 09h \u00e0s 17h<br>PV 04 \u2013 PSF Alto Sim\u00e9ria (Sim\u00e9ria) \u2013 09h \u00e0s 17h<br>PV 05 \u2013 Escola Municipal Nossa Senhora da Gl\u00f3ria (Morin) \u2013 09h \u00e0s 17h<br>PV 06 \u2013 Escola Municipal Vereador Jos\u00e9 Fernandes (Alto da Serra) \u2013 09h \u00e0s 17h<br>PV 07 \u2013 Escola Municipal Rubens de Castro (Vila Felipe) \u2013 09h \u00e0s 17h<br>PV 08 \u2013 Garagem da Creusa \u2013 09h \u00e0s 10h30 \/ Pontilh\u00e3o \u2013 10h40 ao meio-dia \/ Associa\u00e7\u00e3o de Moradores Caminho do Ouro \u2013 13h \u00e0s 14h30 e A\u00e7ude \u2013 14h45 \u00e0s 16h<br>PV 09 \u2013 Escola Municipal Pedro Amado (Meio da Serra) \u2013 09h \u00e0s 14h \/ Escola Municipal Geraldo Ventura \u2013 14h30 \u00e0s 16h<br>PV 10 \u2013 UBS Independ\u00eancia (Independ\u00eancia) \u2013 09h \u00e0s 17h<br>PV 11 \u2013 UBS Quitandinha (Quitandinha) \u2013 09h \u00e0s 17h<\/p>\n\n\n\n<p>A Vigil\u00e2ncia Ambiental orienta a todos para que os animais sejam levados em coleiras, guias ou caixas de transportes (para gatos) e informa que os animais n\u00e3o devem ser conduzidos por crian\u00e7as desacompanhadas dos pais ou respons\u00e1veis. A prefeitura informa, ainda, que outras a\u00e7\u00f5es ir\u00e3o ocorrer no m\u00eas de novembro.<\/p>\n","protected":false},"excerpt":{"rendered":"<p>A prefeitura de Petr\u00f3polis informou o calend\u00e1rio da vacina\u00e7\u00e3o antirr\u00e1bica do m\u00eas de novembro. Vale<\/p>\n","protected":false},"author":2,"featured_media":4864,"comment_status":"open","ping_status":"open","sticky":false,"template":"","format":"standard","meta":{"footnotes":""},"categories":[12],"tags":[],"class_list":["post-4863","post","type-post","status-publish","format-standard","has-post-thumbnail","hentry","category-cidade"],"_links":{"self":[{"href":"https:\/\/tvc16.com\/portal\/wp-json\/wp\/v2\/posts\/4863","targetHints":{"allow":["GET"]}}],"collection":[{"href":"https:\/\/tvc16.com\/portal\/wp-json\/wp\/v2\/posts"}],"about":[{"href":"https:\/\/tvc16.com\/portal\/wp-json\/wp\/v2\/types\/post"}],"author":[{"embeddable":true,"href":"https:\/\/tvc16.com\/portal\/wp-json\/wp\/v2\/users\/2"}],"replies":[{"embeddable":true,"href":"https:\/\/tvc16.com\/portal\/wp-json\/wp\/v2\/comments?post=4863"}],"version-history":[{"count":1,"href":"https:\/\/tvc16.com\/portal\/wp-json\/wp\/v2\/posts\/4863\/revisions"}],"predecessor-version":[{"id":4865,"href":"https:\/\/tvc16.com\/portal\/wp-json\/wp\/v2\/posts\/4863\/revisions\/4865"}],"wp:featuredmedia":[{"embeddable":true,"href":"https:\/\/tvc16.com\/portal\/wp-json\/wp\/v2\/media\/4864"}],"wp:attachment":[{"href":"https:\/\/tvc16.com\/portal\/wp-json\/wp\/v2\/media?parent=4863"}],"wp:term":[{"taxonomy":"category","embeddable":true,"href":"https:\/\/tvc16.com\/portal\/wp-json\/wp\/v2\/categories?post=4863"},{"taxonomy":"post_tag","embeddable":true,"href":"https:\/\/tvc16.com\/portal\/wp-json\/wp\/v2\/tags?post=4863"}],"curies":[{"name":"wp","href":"https:\/\/api.w.org\/{rel}","templated":true}]}}