{"id":4866,"date":"2020-11-04T21:40:58","date_gmt":"2020-11-04T21:40:58","guid":{"rendered":"https:\/\/tvc16.com\/portal\/?p=4866"},"modified":"2020-11-04T21:40:58","modified_gmt":"2020-11-04T21:40:58","slug":"chuva-forte-alaga-rua-coronel-veiga-nesta-quarta-feira","status":"publish","type":"post","link":"https:\/\/tvc16.com\/portal\/2020\/11\/04\/chuva-forte-alaga-rua-coronel-veiga-nesta-quarta-feira\/","title":{"rendered":"Chuva forte alaga Rua Coronel Veiga nesta quarta-feira"},"content":{"rendered":"\n<p>A chuva forte desta quarta-feira (04) provocou alagamento na Rua Coronel Veiga. De acordo com o Clima Tempo, a forma\u00e7\u00e3o de um sistema de baixa press\u00e3o atmosf\u00e9rica \u00e9 respons\u00e1vel pelo aumento da umidade no Sudeste do Brasil entre hoje e quinta-feira (05).<\/p>\n\n\n\n<p>Diante disso, a Regi\u00e3o Serrana do Rio de Janeiro est\u00e1 em est\u00e1gio aten\u00e7\u00e3o para chuva forte, raios e rajadas de vento de at\u00e9 80km\/h. H\u00e1 risco, inclusive, para granizo em \u00e1reas destas regi\u00f5es.Foto: Grupo \u00c1guias Not\u00edcias<\/p>\n","protected":false},"excerpt":{"rendered":"<p>A chuva forte desta quarta-feira (04) provocou alagamento na Rua Coronel Veiga. De acordo com<\/p>\n","protected":false},"author":2,"featured_media":4867,"comment_status":"open","ping_status":"open","sticky":false,"template":"","format":"standard","meta":{"footnotes":""},"categories":[12],"tags":[],"class_list":["post-4866","post","type-post","status-publish","format-standard","has-post-thumbnail","hentry","category-cidade"],"_links":{"self":[{"href":"https:\/\/tvc16.com\/portal\/wp-json\/wp\/v2\/posts\/4866","targetHints":{"allow":["GET"]}}],"collection":[{"href":"https:\/\/tvc16.com\/portal\/wp-json\/wp\/v2\/posts"}],"about":[{"href":"https:\/\/tvc16.com\/portal\/wp-json\/wp\/v2\/types\/post"}],"author":[{"embeddable":true,"href":"https:\/\/tvc16.com\/portal\/wp-json\/wp\/v2\/users\/2"}],"replies":[{"embeddable":true,"href":"https:\/\/tvc16.com\/portal\/wp-json\/wp\/v2\/comments?post=4866"}],"version-history":[{"count":1,"href":"https:\/\/tvc16.com\/portal\/wp-json\/wp\/v2\/posts\/4866\/revisions"}],"predecessor-version":[{"id":4868,"href":"https:\/\/tvc16.com\/portal\/wp-json\/wp\/v2\/posts\/4866\/revisions\/4868"}],"wp:featuredmedia":[{"embeddable":true,"href":"https:\/\/tvc16.com\/portal\/wp-json\/wp\/v2\/media\/4867"}],"wp:attachment":[{"href":"https:\/\/tvc16.com\/portal\/wp-json\/wp\/v2\/media?parent=4866"}],"wp:term":[{"taxonomy":"category","embeddable":true,"href":"https:\/\/tvc16.com\/portal\/wp-json\/wp\/v2\/categories?post=4866"},{"taxonomy":"post_tag","embeddable":true,"href":"https:\/\/tvc16.com\/portal\/wp-json\/wp\/v2\/tags?post=4866"}],"curies":[{"name":"wp","href":"https:\/\/api.w.org\/{rel}","templated":true}]}}