{"id":4870,"date":"2020-11-04T23:00:21","date_gmt":"2020-11-04T23:00:21","guid":{"rendered":"https:\/\/tvc16.com\/portal\/?p=4870"},"modified":"2020-11-04T23:00:21","modified_gmt":"2020-11-04T23:00:21","slug":"novo-mapa-de-risco-mantem-estado-do-rio-classificado-como-baixo-risco-para-covid-19","status":"publish","type":"post","link":"https:\/\/tvc16.com\/portal\/2020\/11\/04\/novo-mapa-de-risco-mantem-estado-do-rio-classificado-como-baixo-risco-para-covid-19\/","title":{"rendered":"Novo Mapa de Risco mant\u00e9m Estado do Rio classificado como baixo risco para Covid-19"},"content":{"rendered":"\n<p><em>Das nove regi\u00f5es fluminenses, oito est\u00e3o em bandeira amarela. Apenas a Baixada Litor\u00e2nea apresenta bandeira laranja<\/em><\/p>\n\n\n\n<p>A Subsecretaria Extraordin\u00e1ria de Covid-19 divulgou nesta quarta-feira (04\/11) a nona edi\u00e7\u00e3o do Mapa de Risco da Covid-19. Nele, o Estado do Rio permanece classificado em bandeira amarela, que representa baixo risco da doen\u00e7a. Apenas uma das nove regi\u00f5es do estado apresentam risco moderado, com bandeira laranja: Baixada Litor\u00e2nea. Nessa regi\u00e3o vivem 6,68% da popula\u00e7\u00e3o do estado.<\/p>\n\n\n\n<p>As oito regi\u00f5es classificadas em amarelo, de baixo risco para Covid-19, s\u00e3o: Metropolitanas I e II, Ba\u00eda da Ilha Grande, M\u00e9dio-Para\u00edba, Noroeste, Norte, Centro-Sul e Serrana. Juntas, elas concentram 93,32% da popula\u00e7\u00e3o do estado.<\/p>\n\n\n\n<p>No geral, houve em todo o estado uma redu\u00e7\u00e3o nos n\u00fameros de \u00f3bitos (-47,59%) e casos (-33,46%) na compara\u00e7\u00e3o entre as duas semanas analisadas. A taxa de ocupa\u00e7\u00e3o de leitos de enfermaria destinados aos pacientes de Covid ficou em 37,36%, e a de leitos de UTI, em 49,84%. Apenas a previs\u00e3o de esgotamento de leitos de UTI e a taxa de positividade para Covid (dois dos seis indicadores usados no c\u00e1lculo) pontuam e ainda mant\u00eam o Estado do Rio na bandeira amarela.<\/p>\n\n\n\n<p>Na Regi\u00e3o da Baixada Litor\u00e2nea, houve aumento de 100% no n\u00famero de \u00f3bitos e uma taxa de positividade para Covid-19 de 33,24%. Por\u00e9m, a regi\u00e3o tamb\u00e9m apresentou queda de 40,32% nos casos e taxa de ocupa\u00e7\u00e3o dos leitos de UTI e enfermaria, respectivamente, de 35,17% e 31,76%, mantendo a classifica\u00e7\u00e3o de risco moderado.<\/p>\n\n\n\n<p>Danilo Klein, m\u00e9dico Superintendente da Subsecretaria, explica como os dados afetam a classifica\u00e7\u00e3o.<\/p>\n\n\n\n<p>&#8220;Somente a Baixada Litor\u00e2nea retrocedeu para a bandeira laranja em todo o estado, atingindo 11 pontos no total. Isso ocorreu devido a um aumento no n\u00famero de \u00f3bitos. Da semana epidemiol\u00f3gica 41 para a 43, foram mais sete \u00f3bitos em Saquarema e dois em Rio das Ostras. Apesar da oscila\u00e7\u00e3o positiva no n\u00famero de \u00f3bitos, em n\u00fameros absolutos, ele ainda \u00e9 pequeno. Requer cuidado, mas ainda \u00e9 pequeno&#8221;, disse Klein.<\/p>\n\n\n\n<p>Apesar do aumento de \u00f3bitos na Baixada Litor\u00e2nea, o estado em sua totalidade est\u00e1 em equil\u00edbrio.<\/p>\n\n\n\n<p>&#8220;O Rio de Janeiro se mant\u00e9m em um plat\u00f4 epid\u00eamico. Por semana, s\u00e3o cerca de 1500 interna\u00e7\u00f5es e 400 \u00f3bitos por SRAG. Ou seja, n\u00e3o houve aumento ou queda quando analisamos o estado como um todo, o que faz com que se mantenha o risco baixo&#8221;, esclarece Klein.<\/p>\n\n\n\n<p>A edi\u00e7\u00e3o anterior do Mapa de Risco, a oitava, que foi divulgada em 19 de outubro, mostrava as Regi\u00f5es Norte e Centro-Sul em bandeira laranja. A nona edi\u00e7\u00e3o compara as Semanas Epidemiol\u00f3gicas 43 (18 a 24 de outubro) em rela\u00e7\u00e3o \u00e0 41 (04 a 10 de outubro). Taxa de positividade de pacientes testados para coronav\u00edrus; varia\u00e7\u00e3o de casos e \u00f3bitos por SRAG; taxa de ocupa\u00e7\u00e3o de leitos destinados a SRAG; e previs\u00e3o de esgotamento de leitos de UTI para SRAG s\u00e3o os indicadores utilizados na an\u00e1lise.<\/p>\n\n\n\n<p>As bandeiras e os riscos indicados variam entre as cores roxa (risco muito alto), vermelha (risco alto), laranja (risco moderado), amarela (risco baixo) e verde (risco muito baixo). Cada n\u00edvel de risco representa um conjunto de recomenda\u00e7\u00f5es de isolamento social.<\/p>\n\n\n\n<p>A seguir, o painel de indicadores da Covid-19 e a nota t\u00e9cnica 11 elaborada pela Subsecretaria Extraordin\u00e1ria de Covid-19.<\/p>\n\n\n\n<p>Painel de indicadores da COVID-19 [04\/11\/2020]:<\/p>\n\n\n\n<figure class=\"wp-block-embed\"><div class=\"wp-block-embed__wrapper\">\nhttps:\/\/www.saude.rj.gov.br\/comum\/code\/MostrarArquivo.php?C=MzU1Mzg%2C\n<\/div><\/figure>\n\n\n\n<p>Confira a nota t\u00e9cnica atualizada:<\/p>\n\n\n\n<figure class=\"wp-block-embed\"><div class=\"wp-block-embed__wrapper\">\nhttps:\/\/www.saude.rj.gov.br\/comum\/code\/MostrarArquivo.php?C=MzU1Mzk%2C&#8211;\n<\/div><\/figure>\n","protected":false},"excerpt":{"rendered":"<p>Das nove regi\u00f5es fluminenses, oito est\u00e3o em bandeira amarela. Apenas a Baixada Litor\u00e2nea apresenta bandeira<\/p>\n","protected":false},"author":2,"featured_media":4871,"comment_status":"open","ping_status":"open","sticky":false,"template":"","format":"standard","meta":{"footnotes":""},"categories":[13],"tags":[],"class_list":["post-4870","post","type-post","status-publish","format-standard","has-post-thumbnail","hentry","category-saude"],"_links":{"self":[{"href":"https:\/\/tvc16.com\/portal\/wp-json\/wp\/v2\/posts\/4870","targetHints":{"allow":["GET"]}}],"collection":[{"href":"https:\/\/tvc16.com\/portal\/wp-json\/wp\/v2\/posts"}],"about":[{"href":"https:\/\/tvc16.com\/portal\/wp-json\/wp\/v2\/types\/post"}],"author":[{"embeddable":true,"href":"https:\/\/tvc16.com\/portal\/wp-json\/wp\/v2\/users\/2"}],"replies":[{"embeddable":true,"href":"https:\/\/tvc16.com\/portal\/wp-json\/wp\/v2\/comments?post=4870"}],"version-history":[{"count":1,"href":"https:\/\/tvc16.com\/portal\/wp-json\/wp\/v2\/posts\/4870\/revisions"}],"predecessor-version":[{"id":4872,"href":"https:\/\/tvc16.com\/portal\/wp-json\/wp\/v2\/posts\/4870\/revisions\/4872"}],"wp:featuredmedia":[{"embeddable":true,"href":"https:\/\/tvc16.com\/portal\/wp-json\/wp\/v2\/media\/4871"}],"wp:attachment":[{"href":"https:\/\/tvc16.com\/portal\/wp-json\/wp\/v2\/media?parent=4870"}],"wp:term":[{"taxonomy":"category","embeddable":true,"href":"https:\/\/tvc16.com\/portal\/wp-json\/wp\/v2\/categories?post=4870"},{"taxonomy":"post_tag","embeddable":true,"href":"https:\/\/tvc16.com\/portal\/wp-json\/wp\/v2\/tags?post=4870"}],"curies":[{"name":"wp","href":"https:\/\/api.w.org\/{rel}","templated":true}]}}