{"id":4882,"date":"2020-11-04T23:16:11","date_gmt":"2020-11-04T23:16:11","guid":{"rendered":"https:\/\/tvc16.com\/portal\/?p=4882"},"modified":"2020-11-04T23:16:11","modified_gmt":"2020-11-04T23:16:11","slug":"renovacao-da-matricula-para-a-rede-estadual-rj-comeca-no-dia-25-de-novembro","status":"publish","type":"post","link":"https:\/\/tvc16.com\/portal\/2020\/11\/04\/renovacao-da-matricula-para-a-rede-estadual-rj-comeca-no-dia-25-de-novembro\/","title":{"rendered":"Renova\u00e7\u00e3o da matr\u00edcula para a rede estadual, RJ, come\u00e7a no dia 25 de novembro"},"content":{"rendered":"\n<p><em>Cadastro poder\u00e1 ser feito pelo site Matr\u00edcula F\u00e1cil ou agendado presencialmente nas escolas<\/em><\/p>\n\n\n\n<p>Alunos da rede p\u00fablica estadual do Rio de Janeiro que desejam permanecer na mesma unidade escolar precisam ficar atentos. A Secretaria de Estado de Educa\u00e7\u00e3o (Seeduc) abrir\u00e1, de 25 de novembro a 03 de dezembro, o per\u00edodo de renova\u00e7\u00e3o da matr\u00edcula para o ano letivo de 2021. O calend\u00e1rio foi publicado no Di\u00e1rio Oficial desta quarta-feira (04\/11).\u00a0<\/p>\n\n\n\n<p>Para agilizar o processo e evitar aglomera\u00e7\u00f5es, o cadastro poder\u00e1 ser feito de forma on-line, pelo site Matr\u00edcula F\u00e1cil (<a rel=\"noreferrer noopener\" target=\"_blank\" href=\"http:\/\/www.matriculafacil.rj.gov.br\/\">www.matriculafacil.rj.gov.br<\/a>).<\/p>\n\n\n\n<p>Pais, respons\u00e1veis ou alunos maiores de 18 anos tamb\u00e9m podem optar pela renova\u00e7\u00e3o da matr\u00edcula presencialmente, agendando a data e o hor\u00e1rio, por telefone, diretamente com a unidade escolar.&nbsp;<\/p>\n\n\n\n<p>\u00c9 importante destacar que o aluno que n\u00e3o fizer a renova\u00e7\u00e3o perder\u00e1 o direito \u00e0 vaga e dever\u00e1 participar do processo informatizado de matr\u00edculas, se quiser continuar na rede estadual da Seeduc.&nbsp;<\/p>\n\n\n\n<p><strong>Pr\u00e9-matr\u00edculas come\u00e7am no dia 4 de dezembro&nbsp;<\/strong><\/p>\n\n\n\n<p>Para os alunos que desejam ingressar na rede estadual ou mudar de escola, a 1\u00aa fase de pr\u00e9-matr\u00edculas ser\u00e1 aberta de 4 a 22 de dezembro. Os interessados dever\u00e3o acessar o site Matr\u00edcula F\u00e1cil (<a rel=\"noreferrer noopener\" target=\"_blank\" href=\"http:\/\/www.matriculafacil.rj.gov.br\/\">www.matriculafacil.rj.gov.br<\/a>) e verificar a oferta de s\u00e9ries, cursos e turnos dispon\u00edveis. No ato da inscri\u00e7\u00e3o, o candidato pode escolher, no m\u00ednimo, tr\u00eas escolas de sua prefer\u00eancia. O resultado da aloca\u00e7\u00e3o ser\u00e1 divulgado no dia 30 de dezembro.<\/p>\n\n\n\n<p><strong>Matr\u00edculas especiais&nbsp;<\/strong><\/p>\n\n\n\n<p>Para o ano letivo de 2021, a Seeduc prev\u00ea uma matr\u00edcula especial para que os estudantes de terminalidade do Ensino M\u00e9dio possam aprofundar o conte\u00fado do \u00faltimo ano, caso desejem. O calend\u00e1rio para essas matr\u00edculas especiais est\u00e1 sendo elaborado pela pasta e ser\u00e1 divulgado em separado.&#8211;<\/p>\n\n\n\n<p><\/p>\n","protected":false},"excerpt":{"rendered":"<p>Cadastro poder\u00e1 ser feito pelo site Matr\u00edcula F\u00e1cil ou agendado presencialmente nas escolas Alunos da<\/p>\n","protected":false},"author":2,"featured_media":4885,"comment_status":"open","ping_status":"open","sticky":false,"template":"","format":"standard","meta":{"footnotes":""},"categories":[19],"tags":[],"class_list":["post-4882","post","type-post","status-publish","format-standard","has-post-thumbnail","hentry","category-educacao"],"_links":{"self":[{"href":"https:\/\/tvc16.com\/portal\/wp-json\/wp\/v2\/posts\/4882","targetHints":{"allow":["GET"]}}],"collection":[{"href":"https:\/\/tvc16.com\/portal\/wp-json\/wp\/v2\/posts"}],"about":[{"href":"https:\/\/tvc16.com\/portal\/wp-json\/wp\/v2\/types\/post"}],"author":[{"embeddable":true,"href":"https:\/\/tvc16.com\/portal\/wp-json\/wp\/v2\/users\/2"}],"replies":[{"embeddable":true,"href":"https:\/\/tvc16.com\/portal\/wp-json\/wp\/v2\/comments?post=4882"}],"version-history":[{"count":1,"href":"https:\/\/tvc16.com\/portal\/wp-json\/wp\/v2\/posts\/4882\/revisions"}],"predecessor-version":[{"id":4886,"href":"https:\/\/tvc16.com\/portal\/wp-json\/wp\/v2\/posts\/4882\/revisions\/4886"}],"wp:featuredmedia":[{"embeddable":true,"href":"https:\/\/tvc16.com\/portal\/wp-json\/wp\/v2\/media\/4885"}],"wp:attachment":[{"href":"https:\/\/tvc16.com\/portal\/wp-json\/wp\/v2\/media?parent=4882"}],"wp:term":[{"taxonomy":"category","embeddable":true,"href":"https:\/\/tvc16.com\/portal\/wp-json\/wp\/v2\/categories?post=4882"},{"taxonomy":"post_tag","embeddable":true,"href":"https:\/\/tvc16.com\/portal\/wp-json\/wp\/v2\/tags?post=4882"}],"curies":[{"name":"wp","href":"https:\/\/api.w.org\/{rel}","templated":true}]}}