{"id":48908,"date":"2022-12-05T14:02:14","date_gmt":"2022-12-05T17:02:14","guid":{"rendered":"https:\/\/tvc16.com\/portal\/?p=48908"},"modified":"2022-12-05T14:02:15","modified_gmt":"2022-12-05T17:02:15","slug":"comerciantes-da-rua-teresa-denunciam-que-centro-de-moda-e-servicos-permanece-fechado-apos-as-tragedias-deste-ano","status":"publish","type":"post","link":"https:\/\/tvc16.com\/portal\/2022\/12\/05\/comerciantes-da-rua-teresa-denunciam-que-centro-de-moda-e-servicos-permanece-fechado-apos-as-tragedias-deste-ano\/","title":{"rendered":"Comerciantes da Rua Teresa denunciam que Centro de Moda e Servi\u00e7os permanece fechado ap\u00f3s as trag\u00e9dias deste ano"},"content":{"rendered":"\n<p>Apesar da fachada estar enfeitada para o Natal, o Centro de Moda e Servi\u00e7os na Rua Teresa, est\u00e1 com as portas fechadas h\u00e1 9 meses, depois de ser afetado pelas trag\u00e9dias de fevereiro e mar\u00e7o. Parte da estrutura do telhado continua danificada, as janelas do primeiro andar est\u00e3o fechadas e na porta principal, at\u00e9 o \u00faltimo fim de semana, n\u00e3o havia nenhum bilhete informando sobre o funcionamento do edif\u00edcio. <\/p>\n\n\n\n<p>O local, conhecido por ser um Centro de Apoio ao comprador e empres\u00e1rio da Rua Teresa, permanece interditado. Para a empres\u00e1ria Tatiana Teles, o abandono ao im\u00f3vel contribui para a baixa circula\u00e7\u00e3o de turistas na localidade. \u201cOs turistas chegam aqui e n\u00e3o t\u00eam lugar para repousar, nem banheiros para usar! Infelizmente eles dependem que algum lojista ceda o banheiro, ou precisam ir a uma galeria que forne\u00e7a sanit\u00e1rio\u201d, esclareceu.<\/p>\n\n\n\n<figure class=\"wp-block-image size-large\"><img loading=\"lazy\" decoding=\"async\" width=\"1024\" height=\"574\" src=\"https:\/\/tvc16.com\/portal\/wp-content\/uploads\/2022\/12\/WhatsApp-Image-2022-12-04-at-18.52.14-1024x574.jpeg\" alt=\"\" class=\"wp-image-48946\" srcset=\"https:\/\/tvc16.com\/portal\/wp-content\/uploads\/2022\/12\/WhatsApp-Image-2022-12-04-at-18.52.14-1024x574.jpeg 1024w, https:\/\/tvc16.com\/portal\/wp-content\/uploads\/2022\/12\/WhatsApp-Image-2022-12-04-at-18.52.14-300x168.jpeg 300w, https:\/\/tvc16.com\/portal\/wp-content\/uploads\/2022\/12\/WhatsApp-Image-2022-12-04-at-18.52.14-768x431.jpeg 768w, https:\/\/tvc16.com\/portal\/wp-content\/uploads\/2022\/12\/WhatsApp-Image-2022-12-04-at-18.52.14.jpeg 1093w\" sizes=\"auto, (max-width: 1024px) 100vw, 1024px\" \/><\/figure>\n\n\n\n<p>Lauriete Rezende, comerciante que tamb\u00e9m atua na regi\u00e3o, disse que al\u00e9m dos turistas, lojistas e comerciantes em geral tamb\u00e9m s\u00e3o prejudicados com a interdi\u00e7\u00e3o parcial do im\u00f3vel. \u201cFicamos o dia inteiro trabalhando e quase n\u00e3o temos onde ir banheiro. Faz muita falta\u201d, desabafou.<\/p>\n\n\n\n<p>O Centro de Moda e Servi\u00e7os foi inaugurado h\u00e1 15 anos, no dia 7 de julho. O primeiro andar comportava os banheiros, frald\u00e1rio e bebedouros, al\u00e9m disso, o Centro de Informa\u00e7\u00f5es Tur\u00edsticas que ficava no mesmo andar continua interditado desde as trag\u00e9dias no in\u00edcio do ano.<\/p>\n\n\n\n<p>Lauriete ainda garante que nem mesmo os pr\u00f3prios lojistas s\u00e3o informados de como est\u00e1 o andamento das reformas. \u201cEssa reforma n\u00e3o sai. Se eles pelo menos limpassem uma cabine para a gente usar j\u00e1 seria \u00f3timo\u201d, disse.<\/p>\n\n\n\n<p>Apesar da interdi\u00e7\u00e3o em parte do t\u00e9rreo, ainda est\u00e3o em funcionamento os servi\u00e7os da Associa\u00e7\u00e3o da Rua Teresa (ARTE), Sindcon e o curso de confec\u00e7\u00f5es do Senai, al\u00e9m do Bairro Presente da Pol\u00edcia Militar. Para a comerciante, Gleici Ribeiro, desde as trag\u00e9dias, a prefeitura n\u00e3o tem auxiliado os lojistas da localidade.<\/p>\n\n\n\n<p>\u201c\u00c9 um abandono! Ainda percebemos que ap\u00f3s as chuvas os grandes eventos foram concentrados em Itaipava, onde a situa\u00e7\u00e3o \u00e9 melhor, j\u00e1 que a regi\u00e3o n\u00e3o foi afetada!\u201d, finalizou.<\/p>\n\n\n\n<p>Em nota a Associa\u00e7\u00e3o da Rua Teresa (Arte) informou que j\u00e1 enviou of\u00edcios ao poder p\u00fablico solicitando a reforma do espa\u00e7o, e que funcion\u00e1rios da Comdep realizem a limpeza dos banheiros. A presidente da associa\u00e7\u00e3o, disse ainda, que vem participando de reuni\u00f5es junto aos \u00f3rg\u00e3os competentes para buscar uma solu\u00e7\u00e3o que possibilite a reabertura do espa\u00e7o. <\/p>\n\n\n\n<p>Por Gabriel Faxola\/Imagens: Marlus Renatto<\/p>\n","protected":false},"excerpt":{"rendered":"<p>Apesar da fachada estar enfeitada para o Natal, o Centro de Moda e Servi\u00e7os na<\/p>\n","protected":false},"author":2,"featured_media":48945,"comment_status":"open","ping_status":"open","sticky":false,"template":"","format":"standard","meta":{"footnotes":""},"categories":[12],"tags":[],"class_list":["post-48908","post","type-post","status-publish","format-standard","has-post-thumbnail","hentry","category-cidade"],"_links":{"self":[{"href":"https:\/\/tvc16.com\/portal\/wp-json\/wp\/v2\/posts\/48908","targetHints":{"allow":["GET"]}}],"collection":[{"href":"https:\/\/tvc16.com\/portal\/wp-json\/wp\/v2\/posts"}],"about":[{"href":"https:\/\/tvc16.com\/portal\/wp-json\/wp\/v2\/types\/post"}],"author":[{"embeddable":true,"href":"https:\/\/tvc16.com\/portal\/wp-json\/wp\/v2\/users\/2"}],"replies":[{"embeddable":true,"href":"https:\/\/tvc16.com\/portal\/wp-json\/wp\/v2\/comments?post=48908"}],"version-history":[{"count":1,"href":"https:\/\/tvc16.com\/portal\/wp-json\/wp\/v2\/posts\/48908\/revisions"}],"predecessor-version":[{"id":48947,"href":"https:\/\/tvc16.com\/portal\/wp-json\/wp\/v2\/posts\/48908\/revisions\/48947"}],"wp:featuredmedia":[{"embeddable":true,"href":"https:\/\/tvc16.com\/portal\/wp-json\/wp\/v2\/media\/48945"}],"wp:attachment":[{"href":"https:\/\/tvc16.com\/portal\/wp-json\/wp\/v2\/media?parent=48908"}],"wp:term":[{"taxonomy":"category","embeddable":true,"href":"https:\/\/tvc16.com\/portal\/wp-json\/wp\/v2\/categories?post=48908"},{"taxonomy":"post_tag","embeddable":true,"href":"https:\/\/tvc16.com\/portal\/wp-json\/wp\/v2\/tags?post=48908"}],"curies":[{"name":"wp","href":"https:\/\/api.w.org\/{rel}","templated":true}]}}