{"id":48928,"date":"2022-12-05T13:10:20","date_gmt":"2022-12-05T16:10:20","guid":{"rendered":"https:\/\/tvc16.com\/portal\/?p=48928"},"modified":"2022-12-05T13:10:21","modified_gmt":"2022-12-05T16:10:21","slug":"caravana-iluminada-e-musica-na-matriz-encantam-teresopolitanos-e-turistas","status":"publish","type":"post","link":"https:\/\/tvc16.com\/portal\/2022\/12\/05\/caravana-iluminada-e-musica-na-matriz-encantam-teresopolitanos-e-turistas\/","title":{"rendered":"Caravana Iluminada e M\u00fasica na Matriz encantam Teresopolitanos e turistas"},"content":{"rendered":"\n<p>A passagem da Caravana Iluminada da Coca Cola e a edi\u00e7\u00e3o especial do projeto \u2018M\u00fasica Na Matriz\u2019 garantiram um fim semana colorido, iluminado e musical em Teres\u00f3polis.<\/p>\n\n\n\n<p>\u201cIniciamos o m\u00eas de dezembro com a cidade ornamentada e uma programa\u00e7\u00e3o que convida as fam\u00edlias a se unirem em celebra\u00e7\u00e3o. Que o esp\u00edrito de uni\u00e3o e fraternidade se fa\u00e7a presente em todos os momentos de nossas vidas\u201d, destacou Cl\u00e9o Jord\u00e3o, secret\u00e1ria municipal de Cultura.<\/p>\n\n\n\n<p><strong>Caravana<\/strong><\/p>\n\n\n\n<p>No s\u00e1bado, 03\/12, o encantamento ficou por conta da&nbsp;Caravana Iluminada da Coca Cola. Posicionado ao longo da rota anunciada, entre os bairros Soberbo, Alto, Araras, S\u00e3o Pedro e centro da cidade, o p\u00fablico registrou em fotos e v\u00eddeos a passagem dos cinco caminh\u00f5es coloridos e decorados em led, com direito a Mam\u00e3e e Papai Noel. Bem dentro do conceito \u2018O Natal sempre encontra o caminho\u2019, cuja proposta \u00e9 despertar a ess\u00eancia natalina, refor\u00e7ando as rela\u00e7\u00f5es humanas e o cuidado socioambiental.<\/p>\n\n\n\n<p><strong>Do popular ao erudito<\/strong><\/p>\n\n\n\n<p>Palco do projeto \u2018M\u00fasica na Matriz\u2019, da Secretaria Municipal de Cultura, a Igreja de Santa Teresa recebeu um p\u00fablico \u00e1vido por boa m\u00fasica neste domingo, 04\/12. Sob reg\u00eancia do maestro Douglas Clemente, o Coral Municipal de Teres\u00f3polis iniciou a apresenta\u00e7\u00e3o com sucessos como \u2018Chuva de Prata\u2019 e \u2018Samba de Ver\u00e3o\u2019 e as can\u00e7\u00f5es \u2018O Natal existe\u2019, \u2018Feliz Natal\u2019 e \u2018Noite Feliz\u2019. \u201cCantar para o p\u00fablico \u00e9 muito bom, ainda mais nessa \u00e9poca t\u00e3o bonita do ano\u201d, comentou Douglas Clemente.<\/p>\n\n\n\n<figure class=\"wp-block-image size-large\"><img loading=\"lazy\" decoding=\"async\" width=\"1024\" height=\"575\" src=\"https:\/\/tvc16.com\/portal\/wp-content\/uploads\/2022\/12\/Sonoro-Trio-3-1024x575.jpeg\" alt=\"\" class=\"wp-image-48930\" srcset=\"https:\/\/tvc16.com\/portal\/wp-content\/uploads\/2022\/12\/Sonoro-Trio-3-1024x575.jpeg 1024w, https:\/\/tvc16.com\/portal\/wp-content\/uploads\/2022\/12\/Sonoro-Trio-3-300x169.jpeg 300w, https:\/\/tvc16.com\/portal\/wp-content\/uploads\/2022\/12\/Sonoro-Trio-3-768x431.jpeg 768w, https:\/\/tvc16.com\/portal\/wp-content\/uploads\/2022\/12\/Sonoro-Trio-3.jpeg 1280w\" sizes=\"auto, (max-width: 1024px) 100vw, 1024px\" \/><\/figure>\n\n\n\n<p>Em seguida, o p\u00fablico foi brindado com o concerto do Sonoro Trio, formado pelo violonista Rubens Tavares, que \u00e9 professor e diretor da Escola Municipal de M\u00fasica Giordano Marrelli \u2013 P\u00f3lo Avan\u00e7ado da Escola de M\u00fasica Villa-Lobos, pelo violinista e produtor musical Max Miranda e pela professora de violoncelo e violino Gabi Miranda. O espet\u00e1culo foi aberto com Ave Maria (Charles Gounod e J. S. Bach), passeou pela m\u00fasica brasileira com Lamento Sertanejo (Gilberto Gil), Chega de Saudade, Insensatez e Eu Sei que Vou te Amar (Tom Jobim e Vinicius de Moraes) e foi encerrado com Libertango (Astor Piazzolla).<\/p>\n\n\n\n<p>O p\u00fablico aplaudiu de p\u00e9 as duas apresenta\u00e7\u00f5es. \u201cEmocionante para quem gosta e d\u00e1 valor para a Cultura\u201d, opinou a secret\u00e1ria aposentada Lucinda Silva. \u201cM\u00fasicos maravilhosos! \u00c9 uma iniciativa que mescla m\u00fasica cl\u00e1ssica e popular, nacionais e internacionais, criando uma simbiose entre os artistas e o p\u00fablico\u201d, aplaudiu o escritor Waldir Jos\u00e9 do Couto, membro da Academia de Letras do Brasil &#8211; Teres\u00f3polis.<\/p>\n\n\n\n<p>O subsecret\u00e1rio municipal de Cultura e equipe coordenaram as apresenta\u00e7\u00f5es. \u201cMais uma vez acompanhamos o trabalho primoroso dos nossos artistas e dos talentos da nossa Escola Municipal de M\u00fasica. \u00c9 um orgulho fazer parte deste belo projeto em Teres\u00f3polis\u201d, finalizou Ricardo Guarilha.<\/p>\n\n\n\n<p>Fotos: Coral Municipal e Sonoro Trio &#8211; Gutto Rodrigues<\/p>\n\n\n\n<p>Fotos: Caravana Iluminada &#8211; Bruno Nepomuceno<\/p>\n","protected":false},"excerpt":{"rendered":"<p>A passagem da Caravana Iluminada da Coca Cola e a edi\u00e7\u00e3o especial do projeto \u2018M\u00fasica<\/p>\n","protected":false},"author":2,"featured_media":48929,"comment_status":"open","ping_status":"open","sticky":false,"template":"","format":"standard","meta":{"footnotes":""},"categories":[17],"tags":[],"class_list":["post-48928","post","type-post","status-publish","format-standard","has-post-thumbnail","hentry","category-outras-noticias"],"_links":{"self":[{"href":"https:\/\/tvc16.com\/portal\/wp-json\/wp\/v2\/posts\/48928","targetHints":{"allow":["GET"]}}],"collection":[{"href":"https:\/\/tvc16.com\/portal\/wp-json\/wp\/v2\/posts"}],"about":[{"href":"https:\/\/tvc16.com\/portal\/wp-json\/wp\/v2\/types\/post"}],"author":[{"embeddable":true,"href":"https:\/\/tvc16.com\/portal\/wp-json\/wp\/v2\/users\/2"}],"replies":[{"embeddable":true,"href":"https:\/\/tvc16.com\/portal\/wp-json\/wp\/v2\/comments?post=48928"}],"version-history":[{"count":1,"href":"https:\/\/tvc16.com\/portal\/wp-json\/wp\/v2\/posts\/48928\/revisions"}],"predecessor-version":[{"id":48931,"href":"https:\/\/tvc16.com\/portal\/wp-json\/wp\/v2\/posts\/48928\/revisions\/48931"}],"wp:featuredmedia":[{"embeddable":true,"href":"https:\/\/tvc16.com\/portal\/wp-json\/wp\/v2\/media\/48929"}],"wp:attachment":[{"href":"https:\/\/tvc16.com\/portal\/wp-json\/wp\/v2\/media?parent=48928"}],"wp:term":[{"taxonomy":"category","embeddable":true,"href":"https:\/\/tvc16.com\/portal\/wp-json\/wp\/v2\/categories?post=48928"},{"taxonomy":"post_tag","embeddable":true,"href":"https:\/\/tvc16.com\/portal\/wp-json\/wp\/v2\/tags?post=48928"}],"curies":[{"name":"wp","href":"https:\/\/api.w.org\/{rel}","templated":true}]}}