{"id":48932,"date":"2022-12-05T13:18:15","date_gmt":"2022-12-05T16:18:15","guid":{"rendered":"https:\/\/tvc16.com\/portal\/?p=48932"},"modified":"2022-12-05T13:18:15","modified_gmt":"2022-12-05T16:18:15","slug":"edicao-pelo-dia-do-samba-encerra-a-temporada-do-cultura-de-raiz-em-tereopolis","status":"publish","type":"post","link":"https:\/\/tvc16.com\/portal\/2022\/12\/05\/edicao-pelo-dia-do-samba-encerra-a-temporada-do-cultura-de-raiz-em-tereopolis\/","title":{"rendered":"Edi\u00e7\u00e3o pelo Dia do Samba encerra a temporada do \u2018Cultura de Raiz\u2019 em Tere\u00f3polis"},"content":{"rendered":"\n<p>A alegria e descontra\u00e7\u00e3o dos artistas populares e convidados marcaram o encerramento da temporada de 2022 do \u2018Cultura de Raiz\u2019, tradicional projeto realizado pela Secretaria Municipal de Cultura. Realizado neste domingo, 04\/12, na Casa de Cultura Adolpho Bloch, em Araras, o evento integrou a programa\u00e7\u00e3o de Natal realizada pela Prefeitura de Teres\u00f3polis e alternou a m\u00fasica, prosa e verso do homem do campo com as apresenta\u00e7\u00f5es dos convidados da Edi\u00e7\u00e3o Especial pelo Dia do Samba, celebrado em 02 de dezembro.<\/p>\n\n\n\n<p>\u201cEste ano o \u2018Cultura de Raiz\u2019 manteve o formato tradicional e fez edi\u00e7\u00f5es especiais tem\u00e1ticas para comemorar datas importantes ligadas \u00e0 cultura brasileira, como esta, pelo Dia do Samba. A proposta foi homenagear nossos artistas locais e mostrar que Teres\u00f3polis tem excelentes profissionais em todos os segmentos culturais. A eles, o agradecimento de toda a equipe da Secretaria de Cultura e o desejo de um Natal pr\u00f3spero de paz e amor\u201d, assinalou Cl\u00e9o Jord\u00e3o, secret\u00e1ria municipal de Cultura.<\/p>\n\n\n\n<p><strong>Tradi\u00e7\u00e3o<\/strong><\/p>\n\n\n\n<p>No formato tradicional do projeto,&nbsp;de programa de audit\u00f3rio em cen\u00e1rio tipicamente do interior,&nbsp;o p\u00fablico aplaudiu e cantou moda de viola, sertanejo, m\u00fasica popular e curtiu can\u00e7\u00f5es autorais de artistas populares como Alcir Passos, Andr\u00e9 Magalh\u00e3es, Cr\u00e9sio da Viola e Dona Maria, F\u00e9lix do Forr\u00f3 e Ti\u00e3o, Ivanil Rezende, Luiz Antonio Bu\u00edque, os irm\u00e3os Edson e Moacir Rosa, Paulo Caetano de Medeiros, Roninho, Val\u00e9rio Ribeiro e Vera Borcard, entre outros.<\/p>\n\n\n\n<p><strong>Participa\u00e7\u00e3o especial<\/strong><\/p>\n\n\n\n<p>Apresentador do programa Patrim\u00f4nio do Samba, que come\u00e7ou h\u00e1 5 anos em emissora de TV local e agora segue em transmiss\u00e3o pelo Youtube e redes sociais, Gilson Medeiros comandou a edi\u00e7\u00e3o especial do \u2018Cultura de Raiz\u2019 em homenagem ao Dia do Samba. \u201c\u00c9 fundamental manter acesa as chamas da cultura e da arte popular, do samba e do carnaval do Rio de Janeiro\u201d, comentou.<\/p>\n\n\n\n<p>Os m\u00fasicos convidados Claudinho, da Banda Tonalidade, e Betinho do Cavaco fizeram o p\u00fablico sambar ao ritmo de \u2018Retalhos de Cetim\u2019, de Benito di Paula, e \u2018N\u00e3o deixe o samba morrer\u2019, composi\u00e7\u00e3o de Edson Concei\u00e7\u00e3o e Alo\u00edsio Silva eternizada pela cantora Alcione. O ponto alto foi o esquenta com a bateria da Escola de Samba Tigres da Serra, com o Mestre Paulinho.&nbsp; \u201cTemos que valorizar o projeto \u2018Cultura de Raiz\u2019, n\u00e3o podemos deixar a cultura e o samba morrerem\u201d, declarou.<\/p>\n\n\n\n<p>\u201cEste ano o \u2018Cultura de Raiz\u2019 retomou as apresenta\u00e7\u00f5es com todo o g\u00e1s! Nas edi\u00e7\u00f5es mensais tem\u00e1ticas, o p\u00fablico recebeu um breve hist\u00f3rico das datas comemoradas e acompanhou nossos artistas populares e talentos da pr\u00f3pria Casa de Cultura, que tamb\u00e9m subiram ao palco. Encerramos 2022 com chave-de-ouro, mas vou avisando que teremos novidades na temporada de 2023, em fevereiro. N\u00e3o percam\u201d, convidou Mariana Vit\u00f3ria, diretora da Casa de Cultura Adolpho Bloch.<\/p>\n\n\n\n<p><strong><em>Fotos: Bruno Nepomuceno.<\/em><\/strong><\/p>\n\n\n\n<p><strong><em>5 \u2013 Paulo de Medeiros e Vera Borcard<\/em><\/strong><\/p>\n\n\n\n<p><strong><em>6 \u2013 Irm\u00e3os Rosa<\/em><\/strong><\/p>\n\n\n\n<p><strong><em>11 \u2013 P\u00fablico canta e dan\u00e7a no \u2018Cultura de Raiz\u2019<\/em><\/strong><\/p>\n\n\n\n<p><strong><em>8 \u2013 Alcir Passos<\/em><\/strong><\/p>\n\n\n\n<p><strong><em>9 \u2013 Betinho do Cavaco e Claudinho da Banda Tonalidade<\/em><\/strong><\/p>\n\n\n\n<p><strong><em>10 \u2013 Val\u00e9rio Ribeiro, Moacir Rosa e Roninho<\/em><\/strong><\/p>\n\n\n\n<p><strong><em>12 \u2013 Alcir Passos, Gilson Medeiros e Mestre Paulinho com a bateria da Escola de Samba Tigres da Serra<\/em><\/strong><\/p>\n\n\n\n<p><strong><em>13 e 14: Bateria da Escola de Samba Tigres da Serra<\/em><\/strong><\/p>\n\n\n\n<p><strong><em>16 \u2013 Mariana Vit\u00f3ria, diretora da Casa de Cultura, com Alcir Passos, Jaime Medeiros e bateria da Escola de Samba Tigres da Serra<\/em><\/strong><\/p>\n\n\n\n<p><strong><em>17 \u2013 Cr\u00e9sio da Viola<\/em><\/strong><\/p>\n\n\n\n<p><strong>(AscomPMT \u2013 05\/12\/2022)<\/strong><\/p>\n","protected":false},"excerpt":{"rendered":"<p>A alegria e descontra\u00e7\u00e3o dos artistas populares e convidados marcaram o encerramento da temporada de<\/p>\n","protected":false},"author":2,"featured_media":48933,"comment_status":"open","ping_status":"open","sticky":false,"template":"","format":"standard","meta":{"footnotes":""},"categories":[17],"tags":[],"class_list":["post-48932","post","type-post","status-publish","format-standard","has-post-thumbnail","hentry","category-outras-noticias"],"_links":{"self":[{"href":"https:\/\/tvc16.com\/portal\/wp-json\/wp\/v2\/posts\/48932","targetHints":{"allow":["GET"]}}],"collection":[{"href":"https:\/\/tvc16.com\/portal\/wp-json\/wp\/v2\/posts"}],"about":[{"href":"https:\/\/tvc16.com\/portal\/wp-json\/wp\/v2\/types\/post"}],"author":[{"embeddable":true,"href":"https:\/\/tvc16.com\/portal\/wp-json\/wp\/v2\/users\/2"}],"replies":[{"embeddable":true,"href":"https:\/\/tvc16.com\/portal\/wp-json\/wp\/v2\/comments?post=48932"}],"version-history":[{"count":1,"href":"https:\/\/tvc16.com\/portal\/wp-json\/wp\/v2\/posts\/48932\/revisions"}],"predecessor-version":[{"id":48934,"href":"https:\/\/tvc16.com\/portal\/wp-json\/wp\/v2\/posts\/48932\/revisions\/48934"}],"wp:featuredmedia":[{"embeddable":true,"href":"https:\/\/tvc16.com\/portal\/wp-json\/wp\/v2\/media\/48933"}],"wp:attachment":[{"href":"https:\/\/tvc16.com\/portal\/wp-json\/wp\/v2\/media?parent=48932"}],"wp:term":[{"taxonomy":"category","embeddable":true,"href":"https:\/\/tvc16.com\/portal\/wp-json\/wp\/v2\/categories?post=48932"},{"taxonomy":"post_tag","embeddable":true,"href":"https:\/\/tvc16.com\/portal\/wp-json\/wp\/v2\/tags?post=48932"}],"curies":[{"name":"wp","href":"https:\/\/api.w.org\/{rel}","templated":true}]}}