{"id":48935,"date":"2022-12-05T13:34:24","date_gmt":"2022-12-05T16:34:24","guid":{"rendered":"https:\/\/tvc16.com\/portal\/?p=48935"},"modified":"2022-12-05T14:29:42","modified_gmt":"2022-12-05T17:29:42","slug":"campanha-nacional-de-prevencao-ao-hiv-aids-e-dsts-e-aberta-em-petropolis","status":"publish","type":"post","link":"https:\/\/tvc16.com\/portal\/2022\/12\/05\/campanha-nacional-de-prevencao-ao-hiv-aids-e-dsts-e-aberta-em-petropolis\/","title":{"rendered":"Campanha Nacional de Preven\u00e7\u00e3o ao HIV\/Aids e DSTs \u00e9 aberta em Petr\u00f3polis"},"content":{"rendered":"\n<p>Duzentos e vinte testes para HIV, s\u00edfilis, hepatite B e hepatite C foram realizados pelas equipes da \u00c1rea T\u00e9cnica de IST\/AIDS, no primeiro dia da Campanha Dezembro Vermelho, de enfrentamento ao v\u00edrus HIV, a Aids e outras ISTs (Infec\u00e7\u00f5es Sexualmente Transmiss\u00edveis). O primeiro dia da mobiliza\u00e7\u00e3o realizada pela Prefeitura de Petr\u00f3polis, por meio da Secretaria de Sa\u00fade, aconteceu na Pra\u00e7a da Inconfid\u00eancia. A programa\u00e7\u00e3o se estende at\u00e9 o fim do m\u00eas.<\/p>\n\n\n\n<p>Os testes foram realizados por 55 pessoas que passaram pelo local, onde tamb\u00e9m aconteceu a distribui\u00e7\u00e3o de preservativos masculinos e material informativo. Na programa\u00e7\u00e3o, est\u00e3o inclu\u00eddas palestras, mobiliza\u00e7\u00f5es em associa\u00e7\u00f5es de moradores com as equipes dos Postos de Sa\u00fade das comunidades, assim como um cine debate, ap\u00f3s a exibi\u00e7\u00e3o do filme \u201cCarta Al\u00e9m dos Muros\u201d, marcado para o dia 16 de dezembro, no audit\u00f3rio do DIP, na Rua Paulino Afonso.<\/p>\n\n\n\n<p>\u201cEm Petr\u00f3polis, de acordo com dados do Departamento de Vigil\u00e2ncia Epidemiol\u00f3gica, foram diagnosticados 92 casos de HIV em 2021. J\u00e1 at\u00e9 o fim de novembro de 2022, foram 42 novas confirma\u00e7\u00f5es. O perfil das pessoas diagnosticadas \u00e9 predominantemente formado por homens. Enquanto no ano passado a faixa et\u00e1ria predominante ficou entre os 20 e 30 anos, em 2022 foi de 31 aos 40 anos\u201d, explica Marcus Curvelo.<\/p>\n\n\n\n<p>O servi\u00e7o de testagem \u00e9 oferecido por demanda espont\u00e2nea na \u00c1rea T\u00e9cnica de IST\/AIDS, na Rua Paulino Afonso, 455, centro, onde tamb\u00e9m \u00e9 realizado o acompanhamento das pessoas diagnosticadas com o v\u00edrus. Os atendimentos acontecem de segunda a sexta-feira de 8h \u00e0s 16h30 e na quinta-feira o hor\u00e1rio \u00e9 estendido at\u00e9 \u00e0s 19h30. As unidades de aten\u00e7\u00e3o b\u00e1sica tamb\u00e9m oferecem testes r\u00e1pidos para HIV e outras IST na rotina.<\/p>\n\n\n\n<p>Foto: arquivo PMP<\/p>\n","protected":false},"excerpt":{"rendered":"<p>Duzentos e vinte testes para HIV, s\u00edfilis, hepatite B e hepatite C foram realizados pelas<\/p>\n","protected":false},"author":2,"featured_media":48936,"comment_status":"open","ping_status":"open","sticky":false,"template":"","format":"standard","meta":{"footnotes":""},"categories":[12],"tags":[],"class_list":["post-48935","post","type-post","status-publish","format-standard","has-post-thumbnail","hentry","category-cidade"],"_links":{"self":[{"href":"https:\/\/tvc16.com\/portal\/wp-json\/wp\/v2\/posts\/48935","targetHints":{"allow":["GET"]}}],"collection":[{"href":"https:\/\/tvc16.com\/portal\/wp-json\/wp\/v2\/posts"}],"about":[{"href":"https:\/\/tvc16.com\/portal\/wp-json\/wp\/v2\/types\/post"}],"author":[{"embeddable":true,"href":"https:\/\/tvc16.com\/portal\/wp-json\/wp\/v2\/users\/2"}],"replies":[{"embeddable":true,"href":"https:\/\/tvc16.com\/portal\/wp-json\/wp\/v2\/comments?post=48935"}],"version-history":[{"count":3,"href":"https:\/\/tvc16.com\/portal\/wp-json\/wp\/v2\/posts\/48935\/revisions"}],"predecessor-version":[{"id":48949,"href":"https:\/\/tvc16.com\/portal\/wp-json\/wp\/v2\/posts\/48935\/revisions\/48949"}],"wp:featuredmedia":[{"embeddable":true,"href":"https:\/\/tvc16.com\/portal\/wp-json\/wp\/v2\/media\/48936"}],"wp:attachment":[{"href":"https:\/\/tvc16.com\/portal\/wp-json\/wp\/v2\/media?parent=48935"}],"wp:term":[{"taxonomy":"category","embeddable":true,"href":"https:\/\/tvc16.com\/portal\/wp-json\/wp\/v2\/categories?post=48935"},{"taxonomy":"post_tag","embeddable":true,"href":"https:\/\/tvc16.com\/portal\/wp-json\/wp\/v2\/tags?post=48935"}],"curies":[{"name":"wp","href":"https:\/\/api.w.org\/{rel}","templated":true}]}}