{"id":48939,"date":"2022-12-05T13:41:29","date_gmt":"2022-12-05T16:41:29","guid":{"rendered":"https:\/\/tvc16.com\/portal\/?p=48939"},"modified":"2022-12-05T13:41:30","modified_gmt":"2022-12-05T16:41:30","slug":"copa-do-mundo-prefeitura-de-petropolis-edita-novo-decreto-para-fases-eliminatorias-transporte-publico-continua-paralisado-durante-as-partidas","status":"publish","type":"post","link":"https:\/\/tvc16.com\/portal\/2022\/12\/05\/copa-do-mundo-prefeitura-de-petropolis-edita-novo-decreto-para-fases-eliminatorias-transporte-publico-continua-paralisado-durante-as-partidas\/","title":{"rendered":"Copa do Mundo: Prefeitura de Petr\u00f3polis edita novo decreto para fases eliminat\u00f3rias. Transporte p\u00fablico continua paralisado durante as partidas"},"content":{"rendered":"\n<p>A Prefeitura de Petr\u00f3polis editou um novo decreto para o funcionamento das reparti\u00e7\u00f5es p\u00fablicas nos dias de jogos da Sele\u00e7\u00e3o Brasileira pela Copa do Mundo FIFA Catar 2022. Na briga pelo hexacampeonato, o Brasil joga nesta segunda-feira (5), \u00e0s 16h, contra a Coreia do Sul. Depois, poder\u00e1 passar por quartas-de-final, semifinal e a decis\u00e3o do campeonato.<\/p>\n\n\n\n<p>O novo decreto estabelece que, quando o jogo for ao meio-dia, haver\u00e1 ponto facultativo. No caso de jogos \u00e0s 16h, o expediente ser\u00e1 de 8h \u00e0s 12h. Ficam exclu\u00eddos da medida servi\u00e7os p\u00fablicos essenciais, que n\u00e3o admitem paralisa\u00e7\u00e3o.<\/p>\n\n\n\n<p>A medida foi publicada no Di\u00e1rio Oficial do dia 1\u00ba de dezembro.<\/p>\n\n\n\n<p><strong>Copa do Mundo: esquema de tr\u00e2nsito<\/strong><\/p>\n\n\n\n<p>Em fun\u00e7\u00e3o da partida pela Copa Mundo \u2013 Brasil X Coreia do Sul \u2013 nesta segunda-feira (05), \u00e0s 16h, o transporte p\u00fablico funcionar\u00e1 em esquema especial:<\/p>\n\n\n\n<p>ANTES DA PARTIDA: opera\u00e7\u00e3o normal de dias \u00fateis<\/p>\n\n\n\n<p>DURANTE A PARTIDA: servi\u00e7o totalmente suspenso<\/p>\n\n\n\n<p>AP\u00d3S A PARTIDA: retorno imediato da opera\u00e7\u00e3o com autoriza\u00e7\u00e3o para redu\u00e7\u00e3o de frota no formato de dias de s\u00e1bado, conforme a demanda de passageiros.<\/p>\n","protected":false},"excerpt":{"rendered":"<p>A Prefeitura de Petr\u00f3polis editou um novo decreto para o funcionamento das reparti\u00e7\u00f5es p\u00fablicas nos<\/p>\n","protected":false},"author":2,"featured_media":48940,"comment_status":"open","ping_status":"open","sticky":false,"template":"","format":"standard","meta":{"footnotes":""},"categories":[12],"tags":[],"class_list":["post-48939","post","type-post","status-publish","format-standard","has-post-thumbnail","hentry","category-cidade"],"_links":{"self":[{"href":"https:\/\/tvc16.com\/portal\/wp-json\/wp\/v2\/posts\/48939","targetHints":{"allow":["GET"]}}],"collection":[{"href":"https:\/\/tvc16.com\/portal\/wp-json\/wp\/v2\/posts"}],"about":[{"href":"https:\/\/tvc16.com\/portal\/wp-json\/wp\/v2\/types\/post"}],"author":[{"embeddable":true,"href":"https:\/\/tvc16.com\/portal\/wp-json\/wp\/v2\/users\/2"}],"replies":[{"embeddable":true,"href":"https:\/\/tvc16.com\/portal\/wp-json\/wp\/v2\/comments?post=48939"}],"version-history":[{"count":1,"href":"https:\/\/tvc16.com\/portal\/wp-json\/wp\/v2\/posts\/48939\/revisions"}],"predecessor-version":[{"id":48941,"href":"https:\/\/tvc16.com\/portal\/wp-json\/wp\/v2\/posts\/48939\/revisions\/48941"}],"wp:featuredmedia":[{"embeddable":true,"href":"https:\/\/tvc16.com\/portal\/wp-json\/wp\/v2\/media\/48940"}],"wp:attachment":[{"href":"https:\/\/tvc16.com\/portal\/wp-json\/wp\/v2\/media?parent=48939"}],"wp:term":[{"taxonomy":"category","embeddable":true,"href":"https:\/\/tvc16.com\/portal\/wp-json\/wp\/v2\/categories?post=48939"},{"taxonomy":"post_tag","embeddable":true,"href":"https:\/\/tvc16.com\/portal\/wp-json\/wp\/v2\/tags?post=48939"}],"curies":[{"name":"wp","href":"https:\/\/api.w.org\/{rel}","templated":true}]}}