{"id":48948,"date":"2022-12-05T14:35:58","date_gmt":"2022-12-05T17:35:58","guid":{"rendered":"https:\/\/tvc16.com\/portal\/?p=48948"},"modified":"2022-12-05T14:36:32","modified_gmt":"2022-12-05T17:36:32","slug":"rua-teresa-funcionara-em-horario-diferente-no-mes-de-dezembro","status":"publish","type":"post","link":"https:\/\/tvc16.com\/portal\/2022\/12\/05\/rua-teresa-funcionara-em-horario-diferente-no-mes-de-dezembro\/","title":{"rendered":"Rua Teresa funcionar\u00e1 em hor\u00e1rio diferente no m\u00eas de dezembro"},"content":{"rendered":"\n<p>Nesta segunda-feira (05), os empres\u00e1rios e lojistas das Ruas Teresa e Aureliano Coutinho, em Petr\u00f3polis, j\u00e1 come\u00e7aram a trabalhar em hor\u00e1rio especial para atender os clientes de fim de ano. O funcionamento das lojas agora \u00e9 das 9h \u00e0s 18h, de segunda \u00e0 domingo. Mas nos dias 24 e 31 de dezembro, v\u00e9spera de Natal e do Ano Novo, os estabelecimentos fechar\u00e3o mais cedo \u00e0s 16h. No dia 26 de dezembro as lojas funcionar\u00e3o das 14h \u00e0s 18h, mas empres\u00e1rio pode estender esse hor\u00e1rio em at\u00e9 uma hora dependendo da demanda<strong>.<\/strong> No dia 2 de janeiro as marcas poder\u00e3o adotar de forma independente. <\/p>\n\n\n\n<p>Os novos hor\u00e1rios visam atender um n\u00famero grande de compradores, para que o com\u00e9rcio possa se fortalecer cada vez mais, ap\u00f3s as trag\u00e9dias de fevereiro e mar\u00e7o, e tamb\u00e9m depois de dois anos de pandemia.<\/p>\n\n\n\n<p>A empres\u00e1ria Erica Felix, que atua h\u00e1 dois anos na Rua Teresa, esclarece que as expectativas para as vendas s\u00e3o positivas. \u201cEstamos confiando que est\u00e1 vindo a melhora apesar de tudo que passamos, n\u00f3s sofremos muito e isso atrapalhou o nosso com\u00e9rcio durante todo o ano. Mas sinto que agora os resultados v\u00e3o ser positivos, e por isso estamos investindo em cole\u00e7\u00f5es novas e em muitas outras novidades\u201d, disse.<\/p>\n\n\n\n<p>A empres\u00e1ria Claudia Pires esclarece que a maioria dos comerciantes prepara promo\u00e7\u00f5es especiais para atender o p\u00fablico que est\u00e1 fazendo as compras de Natal e Ano Novo. \u201cSe voc\u00ea andar na Rua Teresa e na Aureliano Coutinho as cole\u00e7\u00f5es de Primavera\/Ver\u00e3o j\u00e1 estampam as vitrines\u201d, esclarece.<\/p>\n\n\n\n<p>A vendedora Elaine de Carvalho tem vendido pela internet, mas o desejo ainda \u00e9 resgatar o p\u00fablico presencial. \u201cVamos vendendo da forma que d\u00e1, as compras online s\u00e3o boas, mas desejamos muito voltar com a for\u00e7a presencial que j\u00e1 tivemos&#8221;, desabafou.<\/p>\n\n\n\n<p>Al\u00e9m das promo\u00e7\u00f5es para atrair turistas e moradores da cidade, o Sindicato do Com\u00e9rcio Varejista (Sicom\u00e9rcio) de Petr\u00f3polis e a Associa\u00e7\u00e3o da Rua Teresa (ARTE) criaram a campanha: \u201cCompre Local\u201d.<\/p>\n\n\n\n<p>A campanha desenvolvida pelo Sicom\u00e9rcio Petr\u00f3polis, ganhou for\u00e7a ap\u00f3s o desastre em fevereiro e mar\u00e7o,  e tem o objetivo de valorizar cada vez mais o com\u00e9rcio local, j\u00e1 que o setor \u00e9 um dos principais respons\u00e1veis pela gera\u00e7\u00e3o de empregos no munic\u00edpio.<\/p>\n\n\n\n<p>A empres\u00e1ria Claudia Pires ainda diz que acredita que o munic\u00edpio investe pouco no turismo e com\u00e9rcio local.<br>\u201cEsperamos que o movimento melhore pelo menos 50%, mas temos consci\u00eancia que n\u00e3o \u00e9 o suficiente para cobrir os problemas de todo o ano\u201d, finalizou a empres\u00e1ria.<\/p>\n\n\n\n<p>Por Gabriel Faxola\/Imagens: Marlus Renatto<\/p>\n","protected":false},"excerpt":{"rendered":"<p>Nesta segunda-feira (05), os empres\u00e1rios e lojistas das Ruas Teresa e Aureliano Coutinho, em Petr\u00f3polis,<\/p>\n","protected":false},"author":2,"featured_media":48950,"comment_status":"open","ping_status":"open","sticky":false,"template":"","format":"standard","meta":{"footnotes":""},"categories":[12,1],"tags":[],"class_list":["post-48948","post","type-post","status-publish","format-standard","has-post-thumbnail","hentry","category-cidade","category-uncategorized"],"_links":{"self":[{"href":"https:\/\/tvc16.com\/portal\/wp-json\/wp\/v2\/posts\/48948","targetHints":{"allow":["GET"]}}],"collection":[{"href":"https:\/\/tvc16.com\/portal\/wp-json\/wp\/v2\/posts"}],"about":[{"href":"https:\/\/tvc16.com\/portal\/wp-json\/wp\/v2\/types\/post"}],"author":[{"embeddable":true,"href":"https:\/\/tvc16.com\/portal\/wp-json\/wp\/v2\/users\/2"}],"replies":[{"embeddable":true,"href":"https:\/\/tvc16.com\/portal\/wp-json\/wp\/v2\/comments?post=48948"}],"version-history":[{"count":2,"href":"https:\/\/tvc16.com\/portal\/wp-json\/wp\/v2\/posts\/48948\/revisions"}],"predecessor-version":[{"id":48952,"href":"https:\/\/tvc16.com\/portal\/wp-json\/wp\/v2\/posts\/48948\/revisions\/48952"}],"wp:featuredmedia":[{"embeddable":true,"href":"https:\/\/tvc16.com\/portal\/wp-json\/wp\/v2\/media\/48950"}],"wp:attachment":[{"href":"https:\/\/tvc16.com\/portal\/wp-json\/wp\/v2\/media?parent=48948"}],"wp:term":[{"taxonomy":"category","embeddable":true,"href":"https:\/\/tvc16.com\/portal\/wp-json\/wp\/v2\/categories?post=48948"},{"taxonomy":"post_tag","embeddable":true,"href":"https:\/\/tvc16.com\/portal\/wp-json\/wp\/v2\/tags?post=48948"}],"curies":[{"name":"wp","href":"https:\/\/api.w.org\/{rel}","templated":true}]}}