{"id":48958,"date":"2022-12-06T05:00:00","date_gmt":"2022-12-06T08:00:00","guid":{"rendered":"https:\/\/tvc16.com\/portal\/?p=48958"},"modified":"2022-12-05T18:30:01","modified_gmt":"2022-12-05T21:30:01","slug":"projeto-arrecada-alimentos-e-brinquedos-para-doar-para-familias-carentes","status":"publish","type":"post","link":"https:\/\/tvc16.com\/portal\/2022\/12\/06\/projeto-arrecada-alimentos-e-brinquedos-para-doar-para-familias-carentes\/","title":{"rendered":"Projeto arrecada alimentos e brinquedos para doar para fam\u00edlias carentes"},"content":{"rendered":"\n<p>Dezembro \u00e9 \u00e9poca de reunir a fam\u00edlia e celebrar o Natal, mas nem todos tem condi\u00e7\u00f5es financeiras para montar o banquete da ceia. Por isso, a Central \u00danica das Favelas (CUFA Petr\u00f3polis), est\u00e1 com uma campanha de arrecada\u00e7\u00e3o de alimentos e brinquedos, em andamento. A CUFA existe h\u00e1 mais de duas d\u00e9cadas no Rio de Janeiro e tem uma sede em Petr\u00f3polis.<\/p>\n\n\n\n<p>A coordenadora da central, Roberta Silva, conta que s\u00e3o mais de 11 localidades atendidas com doa\u00e7\u00f5es de cestas b\u00e1sicas e quentinhas. \u201cTemos 10 grupos espalhados nas comunidades. Atualmente atendemos 2.000 pessoas, 100 destas s\u00f3 no Neylor. Diariamente distribu\u00edmos 600 quentinhas para essas fam\u00edlias\u201d, explica Roberta.<\/p>\n\n\n\n<p>Atualmente a CUFA tem sido patrocinada pelo Consulado da Alemanha no Brasil, e uma empresa, que ajudam com os custos financeiros para a compra de alimentos n\u00e3o perec\u00edveis, fraldas descart\u00e1veis al\u00e9m da produ\u00e7\u00e3o das quentinhas. Segundo a coordenadora, o trabalho \u00e9 muito importante. Apesar de Petr\u00f3polis ser uma cidade imperial, ainda h\u00e1 muitos moradores que ainda ficam sem o que comer. \u201cMuitos moradores v\u00e3o a p\u00e9 de bairros no Quitandinha at\u00e9 a sede no centro para buscar quentinha todos os dias. S\u00e3o por essas fam\u00edlias que continuamos de portas abertas. Para mim \u00e9 um privil\u00e9gio fazer parte isso e saber que uma simples doa\u00e7\u00e3o pode mudar a vida de algu\u00e9m\u201d, conta a coordenadora.<\/p>\n\n\n\n<p>Atualmente a CUFA Petr\u00f3polis conta com 12 volunt\u00e1rios. A central n\u00e3o distribui apenas alimentos, tamb\u00e9m oferece cursos e aulas de dan\u00e7a, para moradores das comunidades carentes. O objetivo \u00e9 contribuir para a redu\u00e7\u00e3o da criminalidade na periferia<\/p>\n\n\n\n<p>A distribui\u00e7\u00e3o vai ser feita no dia 22 de dezembro. Quem quiser contribuir com a doa\u00e7\u00e3o de alimentos ou um valor em dinheiro, pode entrar em contato pelo Instagram: @cufapetr\u00f3polis. Tamb\u00e9m \u00e9 poss\u00edvel falar diretamente com um dos volunt\u00e1rios, na sede que fica na Av. Dom Pedro I, n\u00famero 610, no centro de Petr\u00f3polis.<\/p>\n\n\n\n<p>Por Larissa Martins<\/p>\n","protected":false},"excerpt":{"rendered":"<p>Dezembro \u00e9 \u00e9poca de reunir a fam\u00edlia e celebrar o Natal, mas nem todos tem<\/p>\n","protected":false},"author":2,"featured_media":48959,"comment_status":"open","ping_status":"open","sticky":false,"template":"","format":"standard","meta":{"footnotes":""},"categories":[12],"tags":[],"class_list":["post-48958","post","type-post","status-publish","format-standard","has-post-thumbnail","hentry","category-cidade"],"_links":{"self":[{"href":"https:\/\/tvc16.com\/portal\/wp-json\/wp\/v2\/posts\/48958","targetHints":{"allow":["GET"]}}],"collection":[{"href":"https:\/\/tvc16.com\/portal\/wp-json\/wp\/v2\/posts"}],"about":[{"href":"https:\/\/tvc16.com\/portal\/wp-json\/wp\/v2\/types\/post"}],"author":[{"embeddable":true,"href":"https:\/\/tvc16.com\/portal\/wp-json\/wp\/v2\/users\/2"}],"replies":[{"embeddable":true,"href":"https:\/\/tvc16.com\/portal\/wp-json\/wp\/v2\/comments?post=48958"}],"version-history":[{"count":1,"href":"https:\/\/tvc16.com\/portal\/wp-json\/wp\/v2\/posts\/48958\/revisions"}],"predecessor-version":[{"id":48960,"href":"https:\/\/tvc16.com\/portal\/wp-json\/wp\/v2\/posts\/48958\/revisions\/48960"}],"wp:featuredmedia":[{"embeddable":true,"href":"https:\/\/tvc16.com\/portal\/wp-json\/wp\/v2\/media\/48959"}],"wp:attachment":[{"href":"https:\/\/tvc16.com\/portal\/wp-json\/wp\/v2\/media?parent=48958"}],"wp:term":[{"taxonomy":"category","embeddable":true,"href":"https:\/\/tvc16.com\/portal\/wp-json\/wp\/v2\/categories?post=48958"},{"taxonomy":"post_tag","embeddable":true,"href":"https:\/\/tvc16.com\/portal\/wp-json\/wp\/v2\/tags?post=48958"}],"curies":[{"name":"wp","href":"https:\/\/api.w.org\/{rel}","templated":true}]}}