{"id":4897,"date":"2020-11-04T23:29:51","date_gmt":"2020-11-04T23:29:51","guid":{"rendered":"https:\/\/tvc16.com\/portal\/?p=4897"},"modified":"2020-11-04T23:29:51","modified_gmt":"2020-11-04T23:29:51","slug":"o-tempo-e-a-temperatura-sudeste-do-pais-tem-previsao-de-tempo-com-chuva-nesta-quinta-feira-5","status":"publish","type":"post","link":"https:\/\/tvc16.com\/portal\/2020\/11\/04\/o-tempo-e-a-temperatura-sudeste-do-pais-tem-previsao-de-tempo-com-chuva-nesta-quinta-feira-5\/","title":{"rendered":"O TEMPO E A TEMPERATURA: Sudeste do Pa\u00eds tem previs\u00e3o de tempo com chuva, nesta quinta-feira (5)"},"content":{"rendered":"\n<p>Previs\u00e3o de tempo com chuva na maior parte da regi\u00e3o Sudeste do Pa\u00eds, nesta quinta-feira (5). Entre a Zona da Mata de Minas Gerais e o Rio de Janeiro, a chuva persiste de forma mais expressiva e os volumes tendem a ser mais elevados. Chove bastante, tamb\u00e9m, no norte mineiro. Entre o Esp\u00edrito Santo e demais \u00e1reas de Minas Gerais, o sol aparece entre algumas nuvens e h\u00e1 previs\u00e3o de chuvas isoladas e passageiras. J\u00e1 entre o tri\u00e2ngulo mineiro e o interior paulista, o tempo ensolarado predomina.&nbsp;<br>&nbsp;<br>As temperaturas variam entre 9 e 36 graus. A umidade relativa do ar pode variar entre 30 e 100 por cento.<br>&nbsp;<br>As informa\u00e7\u00f5es s\u00e3o do Somar Meteorologia.<br>&nbsp;<br>Felipe Moura, o tempo e a temperatura.<\/p>\n\n\n\n<p>Fonte: <a href=\"https:\/\/brasil61.com\/noticias\/o-tempo-e-a-temperatura-sudeste-do-pais-tem-previsao-de-tempo-com-chuva-nesta-quinta-feira-5-ptsd202035?email=bethdeoliveira@yahoo.com.br&amp;utm_source=email_individual&amp;utm_medium=email_individual&amp;utm_campaign=email_individual\" target=\"_blank\" rel=\"noreferrer noopener\">Brasil 61<\/a><\/p>\n","protected":false},"excerpt":{"rendered":"<p>Previs\u00e3o de tempo com chuva na maior parte da regi\u00e3o Sudeste do Pa\u00eds, nesta quinta-feira<\/p>\n","protected":false},"author":2,"featured_media":4626,"comment_status":"open","ping_status":"open","sticky":false,"template":"","format":"standard","meta":{"footnotes":""},"categories":[17],"tags":[],"class_list":["post-4897","post","type-post","status-publish","format-standard","has-post-thumbnail","hentry","category-outras-noticias"],"_links":{"self":[{"href":"https:\/\/tvc16.com\/portal\/wp-json\/wp\/v2\/posts\/4897","targetHints":{"allow":["GET"]}}],"collection":[{"href":"https:\/\/tvc16.com\/portal\/wp-json\/wp\/v2\/posts"}],"about":[{"href":"https:\/\/tvc16.com\/portal\/wp-json\/wp\/v2\/types\/post"}],"author":[{"embeddable":true,"href":"https:\/\/tvc16.com\/portal\/wp-json\/wp\/v2\/users\/2"}],"replies":[{"embeddable":true,"href":"https:\/\/tvc16.com\/portal\/wp-json\/wp\/v2\/comments?post=4897"}],"version-history":[{"count":1,"href":"https:\/\/tvc16.com\/portal\/wp-json\/wp\/v2\/posts\/4897\/revisions"}],"predecessor-version":[{"id":4898,"href":"https:\/\/tvc16.com\/portal\/wp-json\/wp\/v2\/posts\/4897\/revisions\/4898"}],"wp:featuredmedia":[{"embeddable":true,"href":"https:\/\/tvc16.com\/portal\/wp-json\/wp\/v2\/media\/4626"}],"wp:attachment":[{"href":"https:\/\/tvc16.com\/portal\/wp-json\/wp\/v2\/media?parent=4897"}],"wp:term":[{"taxonomy":"category","embeddable":true,"href":"https:\/\/tvc16.com\/portal\/wp-json\/wp\/v2\/categories?post=4897"},{"taxonomy":"post_tag","embeddable":true,"href":"https:\/\/tvc16.com\/portal\/wp-json\/wp\/v2\/tags?post=4897"}],"curies":[{"name":"wp","href":"https:\/\/api.w.org\/{rel}","templated":true}]}}