{"id":48970,"date":"2022-12-05T18:47:01","date_gmt":"2022-12-05T21:47:01","guid":{"rendered":"https:\/\/tvc16.com\/portal\/?p=48970"},"modified":"2022-12-05T18:47:01","modified_gmt":"2022-12-05T21:47:01","slug":"indicadores-da-covid-19-apresentam-tendencia-de-queda-no-estado-do-rio","status":"publish","type":"post","link":"https:\/\/tvc16.com\/portal\/2022\/12\/05\/indicadores-da-covid-19-apresentam-tendencia-de-queda-no-estado-do-rio\/","title":{"rendered":"Indicadores da covid-19 apresentam tend\u00eancia de queda no estado do Rio"},"content":{"rendered":"\n<h3 class=\"wp-block-heading\">N\u00famero de casos registra redu\u00e7\u00e3o de 57%<\/h3>\n\n\n\n<h4 class=\"wp-block-heading\">Por Douglas Corr\u00eaa &#8211; Rep\u00f3rter da Ag\u00eancia Brasil &#8211; Rio de Janeiro<audio src=\"https:\/\/tts-app.ebc.com.br\/media\/tts\/194590.mp3\"><\/h4>\n\n\n\n<p>Os indicadores da&nbsp;covid-19 no estado do Rio&nbsp;de Janeiro&nbsp;apresentam tend\u00eancia de queda.&nbsp;De acordo com a Secretaria de Estado de Sa\u00fade, a&nbsp;an\u00e1lise considera os dados registrados nas semanas epidemiol\u00f3gicas 46 (13 a&nbsp;19 de novembro) e 47 (20 a&nbsp;26 de novembro).&nbsp;No per\u00edodo, o n\u00famero de casos&nbsp;registrado por semana passou de 31.764 para 13.487, uma redu\u00e7\u00e3o de 57,53%.<img decoding=\"async\" src=\"https:\/\/agenciabrasil.ebc.com.br\/ebc.png?id=1496852&amp;o=node\"><img decoding=\"async\" src=\"https:\/\/agenciabrasil.ebc.com.br\/ebc.gif?id=1496852&amp;o=node\"><\/p>\n\n\n\n<p>As taxas de positividade de ant\u00edgeno e RT-PCR tamb\u00e9m apresentam tend\u00eancia de queda. Entre os dias 20 e&nbsp;26 de novembro&nbsp;foram realizados em m\u00e9dia 10 mil testes de ant\u00edgeno por dia, sendo a positividade de 30%. Em rela\u00e7\u00e3o ao RT-PCR, est\u00e3o sendo analisados, em m\u00e9dia, 468 exames por dia, com positividade de 35%. Na semana de 13 a&nbsp;19 de novembro, a positividade dos testes de ant\u00edgeno estava em 32% e a dos exames de RT-PCR, em 40%.<\/p>\n\n\n\n<p>O secret\u00e1rio de estado de Sa\u00fade, Alexandre Chieppe, disse que os indicadores da&nbsp;covid-19 est\u00e3o come\u00e7ando a apresentar uma redu\u00e7\u00e3o, o que poder\u00e1 ser confirmado nesta&nbsp;semana.<\/p>\n\n\n\n<blockquote class=\"wp-block-quote is-layout-flow wp-block-quote-is-layout-flow\">\n<p><em>&#8220;Apesar disso, o n\u00famero de interna\u00e7\u00f5es ainda segue com estabilidade, principalmente de pessoas com 60 anos ou mais. Por isso, fazemos um alerta para que as pessoas que ainda n\u00e3o completaram o esquema vacinal retornem aos postos de sa\u00fade para receber a imuniza\u00e7\u00e3o. As vacinas s\u00e3o seguras e ajudam a evitar casos graves, interna\u00e7\u00f5es e \u00f3bitos pela doen\u00e7a\u201d,&nbsp;explicou.<\/em><\/p>\n<\/blockquote>\n\n\n\n<p>As solicita\u00e7\u00f5es de leitos para tratamento da&nbsp;covid-19 apresentaram redu\u00e7\u00e3o na semana de 20 a&nbsp;26 de novembro, com uma m\u00e9dia de 26 pedidos por dia, sendo 14 para UTI e 12 para enfermaria. Na semana de 13 a&nbsp;19 de novembro, a m\u00e9dia de solicita\u00e7\u00f5es era de 32 leitos por dia, sendo 18 para enfermaria e 14 para UTI. Na onda causada pela variante \u00d4micron em janeiro e fevereiro deste ano, a m\u00e9dia di\u00e1ria de solicita\u00e7\u00f5es de leitos chegou a 177, incluindo enfermaria e UTI. E no pico da onda causada pela variante Gama, em mar\u00e7o de 2021, essa m\u00e9dia di\u00e1ria chegou a 422 solicita\u00e7\u00f5es.<\/p>\n\n\n\n<p>Para consultar o Panorama Covid e outras informa\u00e7\u00f5es, como n\u00famero de interna\u00e7\u00f5es, \u00f3bitos e taxa de cobertura vacinal, basta acessar o&nbsp;<a href=\"https:\/\/painel.saude.rj.gov.br\/monitoramento\/covid19.html\" target=\"_blank\" rel=\"noreferrer noopener\">Painel de Monitoramento da Covid-19<\/a>.<\/p>\n\n\n\n<p>Edi\u00e7\u00e3o: L\u00edlian Beraldo<\/p>\n","protected":false},"excerpt":{"rendered":"<p>N\u00famero de casos registra redu\u00e7\u00e3o de 57% Por Douglas Corr\u00eaa &#8211; Rep\u00f3rter da Ag\u00eancia Brasil<\/p>\n","protected":false},"author":2,"featured_media":48971,"comment_status":"open","ping_status":"open","sticky":false,"template":"","format":"standard","meta":{"footnotes":""},"categories":[17],"tags":[],"class_list":["post-48970","post","type-post","status-publish","format-standard","has-post-thumbnail","hentry","category-outras-noticias"],"_links":{"self":[{"href":"https:\/\/tvc16.com\/portal\/wp-json\/wp\/v2\/posts\/48970","targetHints":{"allow":["GET"]}}],"collection":[{"href":"https:\/\/tvc16.com\/portal\/wp-json\/wp\/v2\/posts"}],"about":[{"href":"https:\/\/tvc16.com\/portal\/wp-json\/wp\/v2\/types\/post"}],"author":[{"embeddable":true,"href":"https:\/\/tvc16.com\/portal\/wp-json\/wp\/v2\/users\/2"}],"replies":[{"embeddable":true,"href":"https:\/\/tvc16.com\/portal\/wp-json\/wp\/v2\/comments?post=48970"}],"version-history":[{"count":1,"href":"https:\/\/tvc16.com\/portal\/wp-json\/wp\/v2\/posts\/48970\/revisions"}],"predecessor-version":[{"id":48972,"href":"https:\/\/tvc16.com\/portal\/wp-json\/wp\/v2\/posts\/48970\/revisions\/48972"}],"wp:featuredmedia":[{"embeddable":true,"href":"https:\/\/tvc16.com\/portal\/wp-json\/wp\/v2\/media\/48971"}],"wp:attachment":[{"href":"https:\/\/tvc16.com\/portal\/wp-json\/wp\/v2\/media?parent=48970"}],"wp:term":[{"taxonomy":"category","embeddable":true,"href":"https:\/\/tvc16.com\/portal\/wp-json\/wp\/v2\/categories?post=48970"},{"taxonomy":"post_tag","embeddable":true,"href":"https:\/\/tvc16.com\/portal\/wp-json\/wp\/v2\/tags?post=48970"}],"curies":[{"name":"wp","href":"https:\/\/api.w.org\/{rel}","templated":true}]}}