{"id":48987,"date":"2022-12-06T11:59:58","date_gmt":"2022-12-06T14:59:58","guid":{"rendered":"https:\/\/tvc16.com\/portal\/?p=48987"},"modified":"2022-12-06T11:59:58","modified_gmt":"2022-12-06T14:59:58","slug":"fabio-zanon-e-quarteto-atlantico-sao-as-atracoes-nesta-semana-durante-a-serie-concertos-classicos-na-casa-de-petropolis","status":"publish","type":"post","link":"https:\/\/tvc16.com\/portal\/2022\/12\/06\/fabio-zanon-e-quarteto-atlantico-sao-as-atracoes-nesta-semana-durante-a-serie-concertos-classicos-na-casa-de-petropolis\/","title":{"rendered":"<strong>Fabio Zanon e Quarteto Atl\u00e2ntico s\u00e3o as atra\u00e7\u00f5es nesta semana durante a s\u00e9rie \u201cConcertos Cl\u00e1ssicos\u201d na Casa de Petr\u00f3polis<\/strong><strong><\/strong>"},"content":{"rendered":"\n<p>Um dos locais mais ic\u00f4nicos da cidade, a Casa de Petr\u00f3polis, apresenta durante o Natal Imperial uma programa\u00e7\u00e3o enriquecida\u00a0por concertos\u00a0de m\u00fasica cl\u00e1ssica, com curadoria da\u00a0Sociedade Art\u00edstica Villa-Lobos (SAV).\u00a0A s\u00e9rie tem entrada franca e traz artistas de alt\u00edssimo n\u00edvel. As senhas s\u00e3o distribu\u00eddas uma hora antes, at\u00e9 completar a lota\u00e7\u00e3o.<\/p>\n\n\n\n<p>Nesta\u00a0sexta-feira, dia 9, \u00e0s 18h, o virtuose do viol\u00e3o,\u00a0F\u00e1bio Zanon\u00a0apresenta um programa que abrange pe\u00e7as de Eraldo Pinheiro, Armando Neves, Francisco Mignone, e tamb\u00e9m temas natalinos de Miguel Llobet e Agustin Barrios.<\/p>\n\n\n\n<p>J\u00e1 no\u00a0s\u00e1bado, dia 10,\u00a0o\u00a0Quarteto Atl\u00e2ntico, formado pelos m\u00fasicos\u00a0Ivan Scheinvar e Thiago Teixeira nos violinos, Luiz Felipe Ferreira na viola e Bruno Valente no violoncelo,\u00a0se apresenta \u00e0s 16h com um repert\u00f3rio que inclui Felix\u00a0\u00a0Mendelssohn,\u00a0Heitor Villa-Lobos e Franz Schubert.<\/p>\n\n\n\n<p>Na semana seguinte a s\u00e9rie \u201cConcertos Cl\u00e1ssicos\u201d finaliza na sexta, dia 16, \u00e0s 18h, com o Mozart Quarteto e no s\u00e1bado, dia 17, \u00e0s 18h, com o Duo Off Barok<\/p>\n\n\n\n<p>\u201cN\u00f3s estamos muito felizes em contribuirmos com a programa\u00e7\u00e3o cl\u00e1ssica do Natal Imperial na Casa de Petr\u00f3polis. A resposta do p\u00fablico presente \u00e9 sinal que est\u00e1 dando certo. Petr\u00f3polis pode contar com a Sociedade Art\u00edstica Villa-Lobos (SAV) para atingir o n\u00edvel de qualidade a que sempre nos propomos\u201d,&nbsp;disse Myrian Daueslberg, presidente da SAV e do Instituto Dell\u2019Arte.<\/p>\n\n\n\n<p>Diretor de Arte e Cultura da Casa de Petr\u00f3polis, Luiz Aquila comenta que a Dell\u2019Arte e o Natal Imperial impregnaram a sala Petr\u00f3polis de som e atmosfera art\u00edstica.&nbsp;\u201cNa semana passada tivemos dois magn\u00edficos concertos e nesta semana teremos mais dois: o Zanon, que \u00e9 um grande violonista, instrumento t\u00e3o tocado no Brasil, e no qual ele \u00e9 considerado um dos maiores e o Quarteto Atl\u00e2ntico tamb\u00e9m formado por m\u00fasicos de grande compet\u00eancia\u201d,&nbsp;destaca.<\/p>\n\n\n\n<p>O Natal Imperial \u00e9 realizado pela Prefeitura, com patroc\u00ednio da Claro, por meio da Lei Estadual de Incentivo \u00e0 Cultura (LIC) da Secretaria de Cultura e Economia Criativa do Estado do Rio de Janeiro, com curadoria, produ\u00e7\u00e3o e comercializa\u00e7\u00e3o da Dellarte (empresa licitada pela Prefeitura, por meio do Instituto Municipal de Cultura &#8211; IMC).&nbsp;<\/p>\n","protected":false},"excerpt":{"rendered":"<p>Um dos locais mais ic\u00f4nicos da cidade, a Casa de Petr\u00f3polis, apresenta durante o Natal<\/p>\n","protected":false},"author":2,"featured_media":48988,"comment_status":"open","ping_status":"open","sticky":false,"template":"","format":"standard","meta":{"footnotes":""},"categories":[12],"tags":[],"class_list":["post-48987","post","type-post","status-publish","format-standard","has-post-thumbnail","hentry","category-cidade"],"_links":{"self":[{"href":"https:\/\/tvc16.com\/portal\/wp-json\/wp\/v2\/posts\/48987","targetHints":{"allow":["GET"]}}],"collection":[{"href":"https:\/\/tvc16.com\/portal\/wp-json\/wp\/v2\/posts"}],"about":[{"href":"https:\/\/tvc16.com\/portal\/wp-json\/wp\/v2\/types\/post"}],"author":[{"embeddable":true,"href":"https:\/\/tvc16.com\/portal\/wp-json\/wp\/v2\/users\/2"}],"replies":[{"embeddable":true,"href":"https:\/\/tvc16.com\/portal\/wp-json\/wp\/v2\/comments?post=48987"}],"version-history":[{"count":1,"href":"https:\/\/tvc16.com\/portal\/wp-json\/wp\/v2\/posts\/48987\/revisions"}],"predecessor-version":[{"id":48989,"href":"https:\/\/tvc16.com\/portal\/wp-json\/wp\/v2\/posts\/48987\/revisions\/48989"}],"wp:featuredmedia":[{"embeddable":true,"href":"https:\/\/tvc16.com\/portal\/wp-json\/wp\/v2\/media\/48988"}],"wp:attachment":[{"href":"https:\/\/tvc16.com\/portal\/wp-json\/wp\/v2\/media?parent=48987"}],"wp:term":[{"taxonomy":"category","embeddable":true,"href":"https:\/\/tvc16.com\/portal\/wp-json\/wp\/v2\/categories?post=48987"},{"taxonomy":"post_tag","embeddable":true,"href":"https:\/\/tvc16.com\/portal\/wp-json\/wp\/v2\/tags?post=48987"}],"curies":[{"name":"wp","href":"https:\/\/api.w.org\/{rel}","templated":true}]}}