{"id":4905,"date":"2020-11-04T23:42:41","date_gmt":"2020-11-04T23:42:41","guid":{"rendered":"https:\/\/tvc16.com\/portal\/?p=4905"},"modified":"2020-11-04T23:42:41","modified_gmt":"2020-11-04T23:42:41","slug":"estupro-culposo-como-assim","status":"publish","type":"post","link":"https:\/\/tvc16.com\/portal\/2020\/11\/04\/estupro-culposo-como-assim\/","title":{"rendered":"Estupro Culposo? Como assim?"},"content":{"rendered":"\n<p>Por Rabino Sany Sonnenreich (Rav Sany)*<\/p>\n\n\n\n<p>Estou completamente chocado como at\u00e9 onde a insanidade, a insensibilidade e falta de compaix\u00e3o humana podem chegar. Independentemente do n\u00edvel cultural e educacional do indiv\u00edduo, a bestialidade humana aflora em pessoas sem a menor empatia por outro semelhante. E \u00e9 por isso que o mundo se encontra dessa forma.<\/p>\n\n\n\n<p>Na ter\u00e7a-feira, 3 de novembro, veio \u00e0 tona, com enorme repercuss\u00e3o, uma not\u00edcia que chocou a todos. Eu, particularmente, como rabino, me senti extremamente desconfort\u00e1vel a ponto de ter de escrever esse artigo para poder externar meus sentimentos. Foram publicadas as cenas da audi\u00eancia da jovem Mariana Ferrer, a qual foi v\u00edtima de abuso sexual por parte de&nbsp;Andr\u00e9 de Camargo Aranha. Foram estarrecedoras. Ela sofreu humilha\u00e7\u00e3o num local onde deveria ter acolhimento numa virul\u00eancia fora do comum. Al\u00e9m do que j\u00e1 havia sofrido pelo seu agressor, o advogado desse desferiu contra ela palavras ofensivas de tal grau que \u00e9 como se ela tivesse sido vilipendiada novamente. E, para meu total espanto \u2013 e tamb\u00e9m de toda a na\u00e7\u00e3o \u2013 com o sil\u00eancio complacente e abjeto do juiz que, ao final, para piorar ainda mais a situa\u00e7\u00e3o, declarou que o agressor havia cometido \u201cestupro culposo\u201d. Como? Culposo? Nunca na vida, ouvi falar que algu\u00e9m pudesse cometer um ato desses na forma culposa. Como um juiz desse tem a coragem de proferir uma senten\u00e7a absurda e vergonhosa dessa? Urge imediatamente que ele pr\u00f3prio seja julgado pois isso \u00e9 algo que dep\u00f5e contra toda uma classe de profissionais s\u00e9rios e abnegados que fazem de seu of\u00edcio quase um sacerd\u00f3cio de dedica\u00e7\u00e3o. Uma vergonha para seus pares s\u00e9rios, competentes e dedicados.<\/p>\n\n\n\n<p>Inclusive, o Juda\u00edsmo condena qualquer tipo de agress\u00e3o contra qualquer pessoa seja em qual circunst\u00e2ncia for.<\/p>\n\n\n\n<p>Como isso pode acontecer? N\u00e3o se envergonham os agentes envolvidos? \u00c9 \u00f3bvio que todos t\u00eam direito a se defender. Mas dentro dos limites da \u00e9tica, do respeito, da lei. Mas n\u00e3o atacando, desrespeitando e novamente abusando. Este tipo de comportamento nefasto, desprez\u00edvel e abomin\u00e1vel deve ser exemplarmente punido. Exemplarmente. N\u00e3o podemos tolerar. Nossos jovens acompanham e precisam de bons exemplos. E, obviamente, de corre\u00e7\u00f5es exemplares tamb\u00e9m. E este \u00e9 um exemplo cuja justi\u00e7a sobre a injusti\u00e7a deve ser feita de forma imediata para que possamos ter uma nova gera\u00e7\u00e3o sem desvios, com postura \u00e9tica, com retid\u00e3o de car\u00e1ter e com exemplos a serem perpetuados.<\/p>\n\n\n\n<p>Rabino Sany Sonnenreich \u00e9 presidente do Instituto Rav Sany de Comunica\u00e7\u00e3o Motivacional e diretor da entidade Makom Jardins-Moema que faz parte da rede mundial Olami, com 320 unidades pelo mundo focadas em direcionar&nbsp; o p\u00fablico jovem a uma vida de valores. Ele tem forte presen\u00e7a nas redes sociais Youtube, Instagram e Facebook (@byravsany) com mensagens de vida r\u00e1pidas, bem humoradas e motivantes numa linguagem acess\u00edvel a todos.<\/p>\n","protected":false},"excerpt":{"rendered":"<p>Por Rabino Sany Sonnenreich (Rav Sany)* Estou completamente chocado como at\u00e9 onde a insanidade, a<\/p>\n","protected":false},"author":2,"featured_media":4906,"comment_status":"open","ping_status":"open","sticky":false,"template":"","format":"standard","meta":{"footnotes":""},"categories":[17],"tags":[],"class_list":["post-4905","post","type-post","status-publish","format-standard","has-post-thumbnail","hentry","category-outras-noticias"],"_links":{"self":[{"href":"https:\/\/tvc16.com\/portal\/wp-json\/wp\/v2\/posts\/4905","targetHints":{"allow":["GET"]}}],"collection":[{"href":"https:\/\/tvc16.com\/portal\/wp-json\/wp\/v2\/posts"}],"about":[{"href":"https:\/\/tvc16.com\/portal\/wp-json\/wp\/v2\/types\/post"}],"author":[{"embeddable":true,"href":"https:\/\/tvc16.com\/portal\/wp-json\/wp\/v2\/users\/2"}],"replies":[{"embeddable":true,"href":"https:\/\/tvc16.com\/portal\/wp-json\/wp\/v2\/comments?post=4905"}],"version-history":[{"count":1,"href":"https:\/\/tvc16.com\/portal\/wp-json\/wp\/v2\/posts\/4905\/revisions"}],"predecessor-version":[{"id":4907,"href":"https:\/\/tvc16.com\/portal\/wp-json\/wp\/v2\/posts\/4905\/revisions\/4907"}],"wp:featuredmedia":[{"embeddable":true,"href":"https:\/\/tvc16.com\/portal\/wp-json\/wp\/v2\/media\/4906"}],"wp:attachment":[{"href":"https:\/\/tvc16.com\/portal\/wp-json\/wp\/v2\/media?parent=4905"}],"wp:term":[{"taxonomy":"category","embeddable":true,"href":"https:\/\/tvc16.com\/portal\/wp-json\/wp\/v2\/categories?post=4905"},{"taxonomy":"post_tag","embeddable":true,"href":"https:\/\/tvc16.com\/portal\/wp-json\/wp\/v2\/tags?post=4905"}],"curies":[{"name":"wp","href":"https:\/\/api.w.org\/{rel}","templated":true}]}}