{"id":4919,"date":"2020-11-04T23:56:15","date_gmt":"2020-11-04T23:56:15","guid":{"rendered":"https:\/\/tvc16.com\/portal\/?p=4919"},"modified":"2020-11-04T23:56:15","modified_gmt":"2020-11-04T23:56:15","slug":"micro-e-pequenas-empresas-contratam-443-mil-no-terceiro-trimestre","status":"publish","type":"post","link":"https:\/\/tvc16.com\/portal\/2020\/11\/04\/micro-e-pequenas-empresas-contratam-443-mil-no-terceiro-trimestre\/","title":{"rendered":"Micro e pequenas empresas contratam 443 mil no terceiro trimestre"},"content":{"rendered":"\n<h3 class=\"wp-block-heading\">Segmento mostra maior potencial de recupera\u00e7\u00e3o do que m\u00e9dias e grandes<\/h3>\n\n\n\n<h4 class=\"wp-block-heading\">Por Ag\u00eancia Brasil &#8211; Bras\u00edlia<\/h4>\n\n\n\n<p>As micro e pequenas empresas mostram recupera\u00e7\u00e3o de f\u00f4lego ap\u00f3s o pior per\u00edodo da crise econ\u00f4mica, entre os meses de mar\u00e7o e junho. O segmento foi o que mais demitiu no pior momento da pandemia de covid-19 no Brasil, fechando pouco mais de 1 milh\u00e3o de postos de trabalho, contra aproximadamente 605 mil das m\u00e9dias e grandes empresas.<img decoding=\"async\" src=\"https:\/\/agenciabrasil.ebc.com.br\/ebc.png?id=1392288&amp;o=node\"><img decoding=\"async\" src=\"https:\/\/agenciabrasil.ebc.com.br\/ebc.gif?id=1392288&amp;o=node\"><\/p>\n\n\n\n<p>No entanto, as micro e pequenas empresas geraram 443 mil empregos nos meses de julho, agosto e setembro, enquanto as maiores criaram 245 mil vagas no mesmo per\u00edodo.<\/p>\n\n\n\n<p>O levantamento, feito pelo Servi\u00e7o Brasileiro de Apoio \u00e0s Micro e Pequenas Empresas (Sebrae), mostra a r\u00e1pida capacidade de rea\u00e7\u00e3o das micro e pequenas empresas diante de crises. Considerando o acumulado do ano (incluindo os meses anteriores \u00e0 chegada da covid-19), os dados mostram que, entre demiss\u00f5es e contrata\u00e7\u00f5es, as pequenas empresas tiveram saldo melhor, com cerca de 40 mil demiss\u00f5es a menos que as m\u00e9dias e grandes empresas.<\/p>\n\n\n\n<p>\u201cAs micro e pequenas empresas s\u00e3o o motor da economia. Para sairmos mais rapidamente da crise, ser\u00e1 fundamental continuar apoiando esses empres\u00e1rios. Isso passa por uma s\u00e9rie de medidas, desde o apoio para que as empresas consigam digitalizar suas vendas at\u00e9 a amplia\u00e7\u00e3o da oferta de cr\u00e9dito, que \u00e9 um oxig\u00eanio vital para mant\u00ea-las operando\u201d, afirmou o presidente do Sebrae, Carlos Melles.<\/p>\n\n\n\n<p>Edi\u00e7\u00e3o: N\u00e1dia Franco<\/p>\n","protected":false},"excerpt":{"rendered":"<p>Segmento mostra maior potencial de recupera\u00e7\u00e3o do que m\u00e9dias e grandes Por Ag\u00eancia Brasil &#8211;<\/p>\n","protected":false},"author":2,"featured_media":4920,"comment_status":"open","ping_status":"open","sticky":false,"template":"","format":"standard","meta":{"footnotes":""},"categories":[18],"tags":[],"class_list":["post-4919","post","type-post","status-publish","format-standard","has-post-thumbnail","hentry","category-economia"],"_links":{"self":[{"href":"https:\/\/tvc16.com\/portal\/wp-json\/wp\/v2\/posts\/4919","targetHints":{"allow":["GET"]}}],"collection":[{"href":"https:\/\/tvc16.com\/portal\/wp-json\/wp\/v2\/posts"}],"about":[{"href":"https:\/\/tvc16.com\/portal\/wp-json\/wp\/v2\/types\/post"}],"author":[{"embeddable":true,"href":"https:\/\/tvc16.com\/portal\/wp-json\/wp\/v2\/users\/2"}],"replies":[{"embeddable":true,"href":"https:\/\/tvc16.com\/portal\/wp-json\/wp\/v2\/comments?post=4919"}],"version-history":[{"count":1,"href":"https:\/\/tvc16.com\/portal\/wp-json\/wp\/v2\/posts\/4919\/revisions"}],"predecessor-version":[{"id":4921,"href":"https:\/\/tvc16.com\/portal\/wp-json\/wp\/v2\/posts\/4919\/revisions\/4921"}],"wp:featuredmedia":[{"embeddable":true,"href":"https:\/\/tvc16.com\/portal\/wp-json\/wp\/v2\/media\/4920"}],"wp:attachment":[{"href":"https:\/\/tvc16.com\/portal\/wp-json\/wp\/v2\/media?parent=4919"}],"wp:term":[{"taxonomy":"category","embeddable":true,"href":"https:\/\/tvc16.com\/portal\/wp-json\/wp\/v2\/categories?post=4919"},{"taxonomy":"post_tag","embeddable":true,"href":"https:\/\/tvc16.com\/portal\/wp-json\/wp\/v2\/tags?post=4919"}],"curies":[{"name":"wp","href":"https:\/\/api.w.org\/{rel}","templated":true}]}}