{"id":4926,"date":"2020-11-05T13:53:03","date_gmt":"2020-11-05T13:53:03","guid":{"rendered":"https:\/\/tvc16.com\/portal\/?p=4926"},"modified":"2020-11-05T13:53:03","modified_gmt":"2020-11-05T13:53:03","slug":"local-onde-houve-desplacamento-de-rocha-no-vale-dos-esquilos-passa-por-vistoria-do-drm","status":"publish","type":"post","link":"https:\/\/tvc16.com\/portal\/2020\/11\/05\/local-onde-houve-desplacamento-de-rocha-no-vale-dos-esquilos-passa-por-vistoria-do-drm\/","title":{"rendered":"Local onde houve desplacamento de rocha no Vale dos Esquilos passa por vistoria do DRM"},"content":{"rendered":"\n<p>T\u00e9cnicos da Secretaria de Defesa Civil e A\u00e7\u00f5es Volunt\u00e1rias est\u00e3o reunidos hoje (05), com representantes do Departamento de Recursos Minerais do Rio de Janeiro (DRM), para realizar um estudo no local do desplacamento de rocha no Vale dos Esquilos. O ge\u00f3logo da Defesa Civil acompanha a equipe do DRM-RJ na vistoria, que come\u00e7ou \u00e0s 9h.<\/p>\n\n\n\n<p>Ser\u00e1 realizado um estudo geol\u00f3gico no maci\u00e7o rochoso para verificar as condi\u00e7\u00f5es da montanha e avaliar qual tipo de interven\u00e7\u00e3o dever\u00e1 ser feita no local.<\/p>\n\n\n\n<p>A Secretaria de Assist\u00eancia Social ainda n\u00e3o foi procurada pelas fam\u00edlias residentes na \u00e1rea interditada pela Defesa Civil na regi\u00e3o do Vale dos Esquilos, para dar continuidade ao atendimento e verifica\u00e7\u00e3o dos requisitos para solicita\u00e7\u00e3o do aux\u00edlio aluguel. Al\u00e9m disso, as visitas \u00e0s fam\u00edlias n\u00e3o encontradas na primeira tentativa ser\u00e3o realizadas at\u00e9 a pr\u00f3xima sexta-feira (06).<\/p>\n\n\n\n<p>T\u00e9cnicos da Secretaria de Defesa Civil e A\u00e7\u00f5es Volunt\u00e1rias est\u00e3o reunidos hoje (05), com representantes do Departamento de Recursos Minerais do Rio de Janeiro (DRM), para realizar um estudo no local do desplacamento de rocha no Vale dos Esquilos. O ge\u00f3logo da Defesa Civil acompanha a equipe do DRM-RJ na vistoria, que come\u00e7ou \u00e0s 9h.<\/p>\n\n\n\n<p>Ser\u00e1 realizado um estudo geol\u00f3gico no maci\u00e7o rochoso para verificar as condi\u00e7\u00f5es da montanha e avaliar qual tipo de interven\u00e7\u00e3o dever\u00e1 ser feita no local.<\/p>\n\n\n\n<p>A Secretaria de Assist\u00eancia Social ainda n\u00e3o foi procurada pelas fam\u00edlias residentes na \u00e1rea interditada pela Defesa Civil na regi\u00e3o do Vale dos Esquilos, para dar continuidade ao atendimento e verifica\u00e7\u00e3o dos requisitos para solicita\u00e7\u00e3o do aux\u00edlio aluguel. Al\u00e9m disso, as visitas \u00e0s fam\u00edlias n\u00e3o encontradas na primeira tentativa ser\u00e3o realizadas at\u00e9 a pr\u00f3xima sexta-feira (06).<\/p>\n\n\n\n<p>Foto: Alan Pacheco<\/p>\n","protected":false},"excerpt":{"rendered":"<p>T\u00e9cnicos da Secretaria de Defesa Civil e A\u00e7\u00f5es Volunt\u00e1rias est\u00e3o reunidos hoje (05), com representantes<\/p>\n","protected":false},"author":2,"featured_media":4927,"comment_status":"open","ping_status":"open","sticky":false,"template":"","format":"standard","meta":{"footnotes":""},"categories":[12],"tags":[],"class_list":["post-4926","post","type-post","status-publish","format-standard","has-post-thumbnail","hentry","category-cidade"],"_links":{"self":[{"href":"https:\/\/tvc16.com\/portal\/wp-json\/wp\/v2\/posts\/4926","targetHints":{"allow":["GET"]}}],"collection":[{"href":"https:\/\/tvc16.com\/portal\/wp-json\/wp\/v2\/posts"}],"about":[{"href":"https:\/\/tvc16.com\/portal\/wp-json\/wp\/v2\/types\/post"}],"author":[{"embeddable":true,"href":"https:\/\/tvc16.com\/portal\/wp-json\/wp\/v2\/users\/2"}],"replies":[{"embeddable":true,"href":"https:\/\/tvc16.com\/portal\/wp-json\/wp\/v2\/comments?post=4926"}],"version-history":[{"count":1,"href":"https:\/\/tvc16.com\/portal\/wp-json\/wp\/v2\/posts\/4926\/revisions"}],"predecessor-version":[{"id":4928,"href":"https:\/\/tvc16.com\/portal\/wp-json\/wp\/v2\/posts\/4926\/revisions\/4928"}],"wp:featuredmedia":[{"embeddable":true,"href":"https:\/\/tvc16.com\/portal\/wp-json\/wp\/v2\/media\/4927"}],"wp:attachment":[{"href":"https:\/\/tvc16.com\/portal\/wp-json\/wp\/v2\/media?parent=4926"}],"wp:term":[{"taxonomy":"category","embeddable":true,"href":"https:\/\/tvc16.com\/portal\/wp-json\/wp\/v2\/categories?post=4926"},{"taxonomy":"post_tag","embeddable":true,"href":"https:\/\/tvc16.com\/portal\/wp-json\/wp\/v2\/tags?post=4926"}],"curies":[{"name":"wp","href":"https:\/\/api.w.org\/{rel}","templated":true}]}}