{"id":4929,"date":"2020-11-05T13:58:28","date_gmt":"2020-11-05T13:58:28","guid":{"rendered":"https:\/\/tvc16.com\/portal\/?p=4929"},"modified":"2020-11-05T16:37:17","modified_gmt":"2020-11-05T16:37:17","slug":"cartunista-lanfranco-aldo-morre-aos-95-anos","status":"publish","type":"post","link":"https:\/\/tvc16.com\/portal\/2020\/11\/05\/cartunista-lanfranco-aldo-morre-aos-95-anos\/","title":{"rendered":"Cartunista Lanfranco Aldo morre aos 95 anos"},"content":{"rendered":"\n<p>Na noite de quarta-feira (04) o chargista do GLOBO Lanfranco Aldo, morreu aos 95 anos. Ele estava internado h\u00e1 dois meses no Hospital da Benefic\u00eancia Portuguesa, devido a uma pneumonia e infec\u00e7\u00e3o urin\u00e1ria. Lan, como era conhecido, vivia h\u00e1 45 anos, em Pedro do Rio. O corpo do chargista ser\u00e1 enterrado \u00e0s 16h desta quinta-feira (05), no Cemit\u00e9rio de Itaipava. \u00a0<\/p>\n\n\n\n<p>H\u00e1 mais de cinco d\u00e9cadas, Lan era casado com Ol\u00edvia Marinho, ex-passista do Salgueiro. Nascido na regi\u00e3o italiana da Toscana, em 1925, Lan se mudou ainda crian\u00e7a para o Uruguai, onde trabalhou em jornais como o Mundo Uruguaio. O artista tamb\u00e9m teve passagens pela Argentina e Fran\u00e7a, at\u00e9 que, em 1952, foi convidado por Samuel Wainer a trabalhar no \u00daltima Hora. Lan tamb\u00e9m atuou no Jornal do Brasil e no GLOBO, onde assinava a coluna &#8220;Cariocaturas&#8221;.<\/p>\n\n\n\n<p>Nas redes sociais amigos do chargista prestaram uma \u00faltima homenagem. \u201cMais um grande vai embora. Nascido na It\u00e1lia, Lan adotou o Brasil e o Rio de Janeiro em particular. Seu tra\u00e7o retratava como poucos o amor que tinha por nossa terra e nossa gente. V\u00e1 em paz, amigo\u201d, diz o texto.<\/p>\n\n\n\n<p>O governo municipal decretou luto oficial de tr\u00eas dias a partir de hoje (05) pela morte do caricaturista Lanfranco Aldo. O artista morava em Pedro do Rio, onde ficava seu atelier com mais de cinco mil caricaturas. O munic\u00edpio lamenta a morte desse grande artista e presta condol\u00eancias a sua esposa, Ol\u00edvia Marinho, e a toda sua fam\u00edlia.<\/p>\n\n\n\n<p>Foto: Youtube<\/p>\n","protected":false},"excerpt":{"rendered":"<p>Na noite de quarta-feira (04) o chargista do GLOBO Lanfranco Aldo, morreu aos 95 anos.<\/p>\n","protected":false},"author":2,"featured_media":4930,"comment_status":"open","ping_status":"open","sticky":false,"template":"","format":"standard","meta":{"footnotes":""},"categories":[12],"tags":[],"class_list":["post-4929","post","type-post","status-publish","format-standard","has-post-thumbnail","hentry","category-cidade"],"_links":{"self":[{"href":"https:\/\/tvc16.com\/portal\/wp-json\/wp\/v2\/posts\/4929","targetHints":{"allow":["GET"]}}],"collection":[{"href":"https:\/\/tvc16.com\/portal\/wp-json\/wp\/v2\/posts"}],"about":[{"href":"https:\/\/tvc16.com\/portal\/wp-json\/wp\/v2\/types\/post"}],"author":[{"embeddable":true,"href":"https:\/\/tvc16.com\/portal\/wp-json\/wp\/v2\/users\/2"}],"replies":[{"embeddable":true,"href":"https:\/\/tvc16.com\/portal\/wp-json\/wp\/v2\/comments?post=4929"}],"version-history":[{"count":2,"href":"https:\/\/tvc16.com\/portal\/wp-json\/wp\/v2\/posts\/4929\/revisions"}],"predecessor-version":[{"id":4978,"href":"https:\/\/tvc16.com\/portal\/wp-json\/wp\/v2\/posts\/4929\/revisions\/4978"}],"wp:featuredmedia":[{"embeddable":true,"href":"https:\/\/tvc16.com\/portal\/wp-json\/wp\/v2\/media\/4930"}],"wp:attachment":[{"href":"https:\/\/tvc16.com\/portal\/wp-json\/wp\/v2\/media?parent=4929"}],"wp:term":[{"taxonomy":"category","embeddable":true,"href":"https:\/\/tvc16.com\/portal\/wp-json\/wp\/v2\/categories?post=4929"},{"taxonomy":"post_tag","embeddable":true,"href":"https:\/\/tvc16.com\/portal\/wp-json\/wp\/v2\/tags?post=4929"}],"curies":[{"name":"wp","href":"https:\/\/api.w.org\/{rel}","templated":true}]}}